{"id":7885,"date":"2011-11-12T00:45:44","date_gmt":"2011-11-11T23:45:44","guid":{"rendered":"http:\/\/niecodziennosc.kubic.info\/index.php\/2011\/11\/12\/ambiwalencja-wewnetrzna\/"},"modified":"2019-05-05T01:42:16","modified_gmt":"2019-05-04T23:42:16","slug":"ambiwalencja-wewnetrzna","status":"publish","type":"post","link":"http:\/\/niecodziennosc.kubic.info\/?p=7885","title":{"rendered":"Ambiwalencja wewn\u0119trzna"},"content":{"rendered":"<p><font size=\"2\">Nie wiem, sk\u0105d si\u0119 u mnie bierze. Prosty, g\u0142upi przyk\u0142ad &#8211; s\u0142ysz\u0119 teraz ci\u0105gle w g\u0142owie <span style=\"font-style: italic;\">Secret World<\/span> Petera Gabriela, wersja z dwup\u0142ytowego albumu, kt\u00f3ry ukaza\u0142 si\u0119 co najmniej dziesi\u0119\u0107 lat temu. Ten utw\u00f3r gra teraz w mojej g\u0142owie z ca\u0142\u0105 swoj\u0105 si\u0142\u0105. Ale nie musz\u0119 go sobie wyobra\u017ca\u0107, bo mam go w komputerze, m\u00f3g\u0142bym go odtworzy\u0107, skierowa\u0107 prosto do uszu, mam odtwarzacz i s\u0142uchawki. W zasi\u0119gu mojej r\u0119ki jest zatopi\u0107 si\u0119 w nim teraz, kiedy go s\u0142ysz\u0119, tu\u017c przed snem, w ciemno\u015bci poszale\u0107, z widokiem na \u0142ysiej\u0105c\u0105 brzoz\u0119 za oknem, po zgaszeniu \u015bwiat\u0142a w kuchni, patrz\u0105c na ni\u0105, jej zarys, w \u015bwietle ulicznych lamp. <\/p>\n<p>Ale nie chc\u0119 go s\u0142ucha\u0107, nie chc\u0119 go pu\u015bci\u0107 w uszy. Czuj\u0119 jak\u0105\u015b obaw\u0119, rezerw\u0119, powstrzymanie. Sk\u0105d, dlaczego? Czy mo\u017ce dlatego, \u017ce za bardzo zapanuje nade mn\u0105, wywo\u0142a zbyt silne emocje. A mo\u017ce przeciwnie &#8211; nagranie oka\u017ce si\u0119 zbyt proste, prymitywne wr\u0119cz. Przecie\u017c znam ja na pami\u0119\u0107 i wiem, \u017ce jak na m\u00f3j gust aran\u017c m\u00f3g\u0142by by\u0107 troch\u0119 bardziej subtelny, wysublimowany. A mo\u017ce dlatego, \u017ce w wyobra\u017ani mog\u0119 sterowa\u0107 tym utworem jak chc\u0119, cofa\u0107 go, przesuwa\u0107 do ulubionych miejsc, kompulsywnie sobie aplikowa\u0107. Mo\u017ce w wersji z nagrania jest zbyt nudny, albo zbyt samodzielny, a ja chc\u0119 mie\u0107 nad nim kontrol\u0119&#8230;<\/p>\n<p><img decoding=\"async\" border=\"0\" src=\"wp-content\/uploads\/2019\/03\/plaza_MG_7114.jpg\" alt=\"\" \/><\/p>\n<p>Ambiwalencja dotyczy te\u017c ludzi, kt\u00f3rych bardzo lubi\u0119, ale co\u015b mnie powstrzymuje przed kontaktem z nimi. Jaka\u015b ch\u0119\u0107 samoobrony&#8230; Dlaczego? Nie wiem. <\/p>\n<p><\/font><\/p>\n","protected":false},"excerpt":{"rendered":"<p><font size=\"2\">Nie wiem,&#8230;<\/p>\n","protected":false},"author":1,"featured_media":0,"comment_status":"open","ping_status":"open","sticky":false,"template":"","format":"standard","meta":{"footnotes":""},"categories":[27,909],"tags":[607,719,877,38],"_links":{"self":[{"href":"http:\/\/niecodziennosc.kubic.info\/index.php?rest_route=\/wp\/v2\/posts\/7885"}],"collection":[{"href":"http:\/\/niecodziennosc.kubic.info\/index.php?rest_route=\/wp\/v2\/posts"}],"about":[{"href":"http:\/\/niecodziennosc.kubic.info\/index.php?rest_route=\/wp\/v2\/types\/post"}],"author":[{"embeddable":true,"href":"http:\/\/niecodziennosc.kubic.info\/index.php?rest_route=\/wp\/v2\/users\/1"}],"replies":[{"embeddable":true,"href":"http:\/\/niecodziennosc.kubic.info\/index.php?rest_route=%2Fwp%2Fv2%2Fcomments&post=7885"}],"version-history":[{"count":1,"href":"http:\/\/niecodziennosc.kubic.info\/index.php?rest_route=\/wp\/v2\/posts\/7885\/revisions"}],"predecessor-version":[{"id":9065,"href":"http:\/\/niecodziennosc.kubic.info\/index.php?rest_route=\/wp\/v2\/posts\/7885\/revisions\/9065"}],"wp:attachment":[{"href":"http:\/\/niecodziennosc.kubic.info\/index.php?rest_route=%2Fwp%2Fv2%2Fmedia&parent=7885"}],"wp:term":[{"taxonomy":"category","embeddable":true,"href":"http:\/\/niecodziennosc.kubic.info\/index.php?rest_route=%2Fwp%2Fv2%2Fcategories&post=7885"},{"taxonomy":"post_tag","embeddable":true,"href":"http:\/\/niecodziennosc.kubic.info\/index.php?rest_route=%2Fwp%2Fv2%2Ftags&post=7885"}],"curies":[{"name":"wp","href":"https:\/\/api.w.org\/{rel}","templated":true}]}}