{"id":7889,"date":"2011-10-30T02:23:29","date_gmt":"2011-10-30T01:23:29","guid":{"rendered":"http:\/\/niecodziennosc.kubic.info\/index.php\/2011\/10\/30\/przyjdz\/"},"modified":"2011-10-30T02:23:29","modified_gmt":"2011-10-30T01:23:29","slug":"przyjdz","status":"publish","type":"post","link":"http:\/\/niecodziennosc.kubic.info\/?p=7889","title":{"rendered":"Przyjd\u017a"},"content":{"rendered":"<p><font size=\"2\">Jesieni. Przyjd\u017a. Chc\u0119 te\u017c nie przegapi\u0107 pierwszych p\u0142atk\u00f3w \u015bniegu. Chc\u0119 tego wra\u017cenia, co dwadzie\u015bcia, trzydzie\u015bci lat temu. Cho\u0107 przez sekund\u0119. Tego, kiedy na studiach \u015bwiat wali\u0142 si\u0119 w rozpaczliwym nat\u0142oku pracy, i tylko p\u0142atki by\u0142y pocieszeniem &#8211; po wyj\u015bciu przez ci\u0119\u017ckie i wysokie drzwi przy Alei Mickiewicza w Krakowie. W szar\u00f3wce, niezno\u015bnej i oswojonej, jak szuwary nad \u015aniardwami. <\/p>\n<p><\/font><\/p>\n","protected":false},"excerpt":{"rendered":"<p><font size=\"2\">Jesieni. &#8230;<\/p>\n","protected":false},"author":1,"featured_media":0,"comment_status":"open","ping_status":"open","sticky":false,"template":"","format":"standard","meta":{"footnotes":""},"categories":[27],"tags":[269],"_links":{"self":[{"href":"http:\/\/niecodziennosc.kubic.info\/index.php?rest_route=\/wp\/v2\/posts\/7889"}],"collection":[{"href":"http:\/\/niecodziennosc.kubic.info\/index.php?rest_route=\/wp\/v2\/posts"}],"about":[{"href":"http:\/\/niecodziennosc.kubic.info\/index.php?rest_route=\/wp\/v2\/types\/post"}],"author":[{"embeddable":true,"href":"http:\/\/niecodziennosc.kubic.info\/index.php?rest_route=\/wp\/v2\/users\/1"}],"replies":[{"embeddable":true,"href":"http:\/\/niecodziennosc.kubic.info\/index.php?rest_route=%2Fwp%2Fv2%2Fcomments&post=7889"}],"version-history":[{"count":0,"href":"http:\/\/niecodziennosc.kubic.info\/index.php?rest_route=\/wp\/v2\/posts\/7889\/revisions"}],"wp:attachment":[{"href":"http:\/\/niecodziennosc.kubic.info\/index.php?rest_route=%2Fwp%2Fv2%2Fmedia&parent=7889"}],"wp:term":[{"taxonomy":"category","embeddable":true,"href":"http:\/\/niecodziennosc.kubic.info\/index.php?rest_route=%2Fwp%2Fv2%2Fcategories&post=7889"},{"taxonomy":"post_tag","embeddable":true,"href":"http:\/\/niecodziennosc.kubic.info\/index.php?rest_route=%2Fwp%2Fv2%2Ftags&post=7889"}],"curies":[{"name":"wp","href":"https:\/\/api.w.org\/{rel}","templated":true}]}}