{"id":7890,"date":"2011-10-30T01:41:12","date_gmt":"2011-10-29T23:41:12","guid":{"rendered":"http:\/\/niecodziennosc.kubic.info\/index.php\/2011\/10\/30\/obrazy\/"},"modified":"2011-10-30T01:41:12","modified_gmt":"2011-10-29T23:41:12","slug":"obrazy","status":"publish","type":"post","link":"http:\/\/niecodziennosc.kubic.info\/?p=7890","title":{"rendered":"Obrazy"},"content":{"rendered":"<p><font size=\"2\">Obrazy, zapachy z dzieci\u0144stwa nachodz\u0105, szczeg\u00f3lnie przy zmianach p\u00f3r roku. Ch\u0142\u00f3d ostrego powietrza w nozdrzach i wnet widok Wis\u0142y, jej &quot;bulwar\u00f3w&quot;, w jesiennej szar\u00f3wce samotno\u015bci. Napi\u0119tnowany pi\u0119knym dzieci\u0144stwem, kt\u00f3ry dokona\u0142o si\u0119 w socjalistycznym ba\u0142aganie, uwa\u017cam ten ba\u0142agan za m\u00f3j. A wymuskane twarze, l\u015bni\u0105ce \u015bciany centr\u00f3w handlowych, b\u0142yszcz\u0105ce samochody &#8211; s\u0105 nie z mojego \u015bwiata. <\/p>\n<p><img decoding=\"async\" border=\"0\" src=\"wp-content\/uploads\/2019\/03\/opalanie_MG_4052.jpg\" alt=\"\" \/><\/p>\n<p>Tam, gdzie ko\u0144czy si\u0119 osiedle i gara\u017ce, kto\u015b pali ogie\u0144, nosi wyschni\u0119te trawy i chrust, aby roznieci\u0107 ogie\u0144. Ale nie po to, by piec kie\u0142baski. Piecze&#8230; kabel. W zasadzie &#8211; opala go. Poniewa\u017c w punkcie skupu przyjmuj\u0105 kabel bez izolacji, wi\u0119c trzeba j\u0105 usun\u0105\u0107 samemu. M\u0119\u017cczyzna ocenia, \u017ce w zwoju, kt\u00f3ry tkwi tam, mi\u0119dzy trawami, w p\u0142omieniach i dymie, jest jakie\u015b czterysta z\u0142otych. <\/p>\n<p>Albo zdj\u0119cie poni\u017cej. Pochodzi ze stycznia 2005 roku. <\/p>\n<p><img decoding=\"async\" border=\"0\" alt=\"\" src=\"wp-content\/uploads\/2019\/03\/woznicaIMG_7281.jpg\" \/><\/p>\n<p>To jest wo\u017anica doro\u017cki na krakowskim Rynku G\u0142\u00f3wnym. Nie zdajemy sobie sprawy, jak bardzo i jak szybko zmienia si\u0119 rzeczywisto\u015b\u0107 wok\u00f3\u0142 nas. Dzi\u015b takiego wo\u017anicy ju\u017c si\u0119 nie spotka. <\/p>\n<p>W Polsce zachodz\u0105 gigantyczne zmiany. To jest czas dla fotograf\u00f3w. Nawet wszechobecne absurdy &#8211; to raj dla wielu artyst\u00f3w i innych, zajmuj\u0105cych si\u0119 kontaktem z rzeczywisto\u015bci\u0105. Na szcz\u0119\u015bcie (dla artyst\u00f3w), nie zanosi si\u0119 na to, aby ten raj mia\u0142 si\u0119 szybko sko\u0144czy\u0107&#8230;<br \/><\/font><\/p>\n","protected":false},"excerpt":{"rendered":"<p><font size=\"2\">Obrazy, &#8230;<\/p>\n","protected":false},"author":1,"featured_media":0,"comment_status":"open","ping_status":"open","sticky":false,"template":"","format":"standard","meta":{"footnotes":""},"categories":[35],"tags":[607,339],"_links":{"self":[{"href":"http:\/\/niecodziennosc.kubic.info\/index.php?rest_route=\/wp\/v2\/posts\/7890"}],"collection":[{"href":"http:\/\/niecodziennosc.kubic.info\/index.php?rest_route=\/wp\/v2\/posts"}],"about":[{"href":"http:\/\/niecodziennosc.kubic.info\/index.php?rest_route=\/wp\/v2\/types\/post"}],"author":[{"embeddable":true,"href":"http:\/\/niecodziennosc.kubic.info\/index.php?rest_route=\/wp\/v2\/users\/1"}],"replies":[{"embeddable":true,"href":"http:\/\/niecodziennosc.kubic.info\/index.php?rest_route=%2Fwp%2Fv2%2Fcomments&post=7890"}],"version-history":[{"count":0,"href":"http:\/\/niecodziennosc.kubic.info\/index.php?rest_route=\/wp\/v2\/posts\/7890\/revisions"}],"wp:attachment":[{"href":"http:\/\/niecodziennosc.kubic.info\/index.php?rest_route=%2Fwp%2Fv2%2Fmedia&parent=7890"}],"wp:term":[{"taxonomy":"category","embeddable":true,"href":"http:\/\/niecodziennosc.kubic.info\/index.php?rest_route=%2Fwp%2Fv2%2Fcategories&post=7890"},{"taxonomy":"post_tag","embeddable":true,"href":"http:\/\/niecodziennosc.kubic.info\/index.php?rest_route=%2Fwp%2Fv2%2Ftags&post=7890"}],"curies":[{"name":"wp","href":"https:\/\/api.w.org\/{rel}","templated":true}]}}