{"id":7896,"date":"2011-10-17T21:04:44","date_gmt":"2011-10-17T19:04:44","guid":{"rendered":"http:\/\/niecodziennosc.kubic.info\/index.php\/2011\/10\/17\/od-debila-po-idiote-po-drodze-kretyn\/"},"modified":"2019-05-05T01:42:16","modified_gmt":"2019-05-04T23:42:16","slug":"od-debila-po-idiote-po-drodze-kretyn","status":"publish","type":"post","link":"http:\/\/niecodziennosc.kubic.info\/?p=7896","title":{"rendered":"Od debila po idiot\u0119, po drodze &#8211; kretyn"},"content":{"rendered":"<p><font size=\"2\">Sko\u0144czy\u0142 si\u0119 spektakl, wi\u0119c mog\u0119 pisa\u0107 dalej. <\/p>\n<p>Tak wi\u0119c maj\u0105c w pami\u0119ci zachowanie autora (z poprzedniego wpisu) obieca\u0142em sobie, \u017ce nie pope\u0142ni\u0119 jego b\u0142\u0119du. Spr\u00f3buj\u0119 nie pretendowa\u0107 do roli pieniacza. <\/p>\n<p>Tak jak wczoraj, kiedy na stacji benzynowej <\/font><font size=\"2\">(BP, to nie byle co) <\/font><font size=\"2\">naiwnie by\u0142em pos\u0142uszny strza\u0142kom m\u00f3wi\u0105cym &#8211; tu jest kolejka do kasy. Okaza\u0142o si\u0119 potem, \u017ce tych strza\u0142ek si\u0119 nie przestrzega, i to jest regu\u0142a i zasada, kt\u00f3ra tu obowi\u0105zuje! Lecz ja, brn\u0105c dalej w naiwno\u015b\u0107, przechodz\u0105c kolejne w\u0142asne granice: g\u0142upoty, <span style=\"font-style: italic;\">debilizmu<\/span> i pieniactwa, oczywi\u015bcie, zapyta\u0142em po co s\u0105 te znaki, i czy s\u0105 jakie\u015b zasady kolejno\u015bci, wedle kt\u00f3rych obs\u0142uguje si\u0119 klient\u00f3w. &quot;Zasady ustala kierownik, kt\u00f3rego mo\u017cna spotka\u0107 mi\u0119dzy 9:00 a 21:00&quot;. C\u00f3\u017c, by\u0142a w\u0142a\u015bnie 22:30. Lecz ja, posuwaj\u0105c si\u0119 dalej do <span style=\"font-style: italic;\">kretynizmu<\/span>, przypomnia\u0142em, \u017ce ju\u017c dwukrotnie szuka\u0142em kierownika w tych godzinach, bezskutecznie. Na te s\u0142owa odwr\u00f3ci\u0142 si\u0119 wyrostek przy kasie i zapyta\u0142 &quot;masz problem?&quot; I tu okaza\u0142em si\u0119 kompletnym <span style=\"font-style: italic;\">idiot\u0105<\/span>, m\u00f3wi\u0105c mu &quot;i pan w\u0142a\u015bnie wszed\u0142 bez kolejki&quot;. Tak, teraz nale\u017ca\u0142o tylko oczekiwa\u0107, \u017ce kiedy wyjd\u0119 za drzwi pogr\u0105\u017caj\u0105c si\u0119 w ch\u0142odnej ciemno\u015bci, dostan\u0119 w z\u0119by. <\/p>\n<p>Na tle tej atmosfery pojawia si\u0119 posta\u0107 Lars<font size=\"2\">a <\/font><\/font><font size=\"2\">&#216;yno<\/font><font size=\"2\"><font size=\"2\">,<\/font> autora sztuk teatralnych i re\u017cysera. Pierwotnie pozna\u0142em go tylko z nazwiska, gdy tworz\u0105c stron\u0119 internetow\u0105 festiwalu mia\u0142em problem z uzyskaniem na ekranie litery <\/font><font size=\"2\" style=\"font-style: italic;\">&#216;<\/font><font size=\"2\">. W kontakcie bezpo\u015brednim objawi\u0142 si\u0119 cz\u0142owiek o arystokratycznej powierzchowno\u015bci, czyni\u0105cy wszystko z opanowanym spokojem, pod kt\u00f3rym<\/font><font size=\"2\"> jednakowo\u017c<\/font><font size=\"2\"> bardziej mo\u017cna si\u0119 by\u0142o domy\u015bli\u0107 ni\u017c wyczu\u0107, wibruj\u0105ce emocje. To w\u0142a\u015bnie on potraktowa\u0142 sztuk\u0119 autora (o kt\u00f3rym wspomnia\u0142em w poprzednim wpisie) z w\u0142asnym rozmachem, bezwzgl\u0119dno\u015bci\u0105, pasj\u0105, bezkompromisowo. Po\u0142\u0105czenie zewn\u0119trznego ch\u0142odu, spowolnienia, dystansu, z wewn\u0119trznym wulkanem, a to wszystko szczerze i uczciwie, bez zmy\u0142y, mydlenia oczu i pokazywania siebie innym, ni\u017c si\u0119 jest&#8230; <\/p>\n<p>Jego posta\u0107 staje mi przed oczami po chwilach moich s\u0142abo\u015bci (czytaj: pieniactwa i robienia z siebie <span style=\"font-style: italic;\">idioty<\/span>). Szkoda, \u017ce nie wcze\u015bniej. Ale pracujemy nad tym&#8230;! \ud83d\ude42<\/p>\n<p>Okre\u015blenia medyczne:<\/p>\n<p><\/font><font size=\"2\">debilizm &#8211; najl\u017cejszy stopie\u0144 upo\u015bledzenia umys\u0142owego objawiaj\u0105cy si\u0119 trudno\u015bciami w logicznym rozumowaniu, pozwalaj\u0105cy jednak na uzyskanie wykszta\u0142cenia podstawowego, wyuczenie si\u0119 zawodu i prowadzenie samodzielnego \u017cycia<\/p>\n<p>kretynizm, mato\u0142ectwo &#8211; g\u0142\u0119boki niedorozw\u00f3j fizyczny i psychiczny spowodowany siln\u0105 niedoczynno\u015bci\u0105 tarczycy; \u0142\u0105czy si\u0119 z zahamowaniem wzrostu i zatrzymaniem rozwoju umys\u0142owego na poziomie dziecka, czasem z os\u0142abieniem s\u0142uchu i wzroku (nawet g\u0142uchot\u0105 i \u015blepot\u0105)<\/p>\n<p>idiota, med. &#8211; cz\u0142owiek g\u0142\u0119boko upo\u015bledzony umys\u0142owo, kt\u00f3ry w swym rozwoju nie osi\u0105gn\u0105\u0142 zdolno\u015bci m\u00f3wienia<\/font><font size=\"2\"><br \/><\/font><\/p>\n","protected":false},"excerpt":{"rendered":"<p><font size=\"2\">Sko\u0144czy\u0142 &#8230;<\/p>\n","protected":false},"author":1,"featured_media":0,"comment_status":"open","ping_status":"open","sticky":false,"template":"","format":"standard","meta":{"footnotes":""},"categories":[50,909],"tags":[877,38],"_links":{"self":[{"href":"http:\/\/niecodziennosc.kubic.info\/index.php?rest_route=\/wp\/v2\/posts\/7896"}],"collection":[{"href":"http:\/\/niecodziennosc.kubic.info\/index.php?rest_route=\/wp\/v2\/posts"}],"about":[{"href":"http:\/\/niecodziennosc.kubic.info\/index.php?rest_route=\/wp\/v2\/types\/post"}],"author":[{"embeddable":true,"href":"http:\/\/niecodziennosc.kubic.info\/index.php?rest_route=\/wp\/v2\/users\/1"}],"replies":[{"embeddable":true,"href":"http:\/\/niecodziennosc.kubic.info\/index.php?rest_route=%2Fwp%2Fv2%2Fcomments&post=7896"}],"version-history":[{"count":1,"href":"http:\/\/niecodziennosc.kubic.info\/index.php?rest_route=\/wp\/v2\/posts\/7896\/revisions"}],"predecessor-version":[{"id":9068,"href":"http:\/\/niecodziennosc.kubic.info\/index.php?rest_route=\/wp\/v2\/posts\/7896\/revisions\/9068"}],"wp:attachment":[{"href":"http:\/\/niecodziennosc.kubic.info\/index.php?rest_route=%2Fwp%2Fv2%2Fmedia&parent=7896"}],"wp:term":[{"taxonomy":"category","embeddable":true,"href":"http:\/\/niecodziennosc.kubic.info\/index.php?rest_route=%2Fwp%2Fv2%2Fcategories&post=7896"},{"taxonomy":"post_tag","embeddable":true,"href":"http:\/\/niecodziennosc.kubic.info\/index.php?rest_route=%2Fwp%2Fv2%2Ftags&post=7896"}],"curies":[{"name":"wp","href":"https:\/\/api.w.org\/{rel}","templated":true}]}}