{"id":7932,"date":"2011-07-14T01:34:41","date_gmt":"2011-07-13T23:34:41","guid":{"rendered":"http:\/\/niecodziennosc.kubic.info\/index.php\/2011\/07\/14\/przekleta\/"},"modified":"2011-07-14T01:34:41","modified_gmt":"2011-07-13T23:34:41","slug":"przekleta","status":"publish","type":"post","link":"http:\/\/niecodziennosc.kubic.info\/?p=7932","title":{"rendered":"Przekl\u0119ta"},"content":{"rendered":"<p><font size=\"2\">Przekl\u0119ta t\u0119sknota. Ukrywaj\u0105ca si\u0119 w snach o miejscach, w kt\u00f3rych jeszcze nie by\u0142em. Nieznane ulice, zamazane twarze. Mijane skrzy\u017cowania z nocnymi lampami, mijane szybko, samochodem najwyra\u017aniej. Budz\u0119 si\u0119 z od\u015bwi\u0119tnym uczuciem, \u017ce <span style=\"font-style: italic;\">by\u0142em<\/span> i zn\u00f3w dokona\u0142o si\u0119 <span style=\"font-style: italic;\">co\u015b<\/span>, nawet je\u015bli tylko we \u015bnie. Ale to i tak nast\u0105pi, przyjdzie <span style=\"font-style: italic;\">ten<\/span> moment z prze\u015bwiadczeniem, \u017ce oto <span style=\"font-style: italic;\">teraz w\u0142a\u015bnie<\/span>, zn\u00f3w po raz pierwszy, gdzie\u015b, ale nie po raz pierwszy, bo by\u0142o ju\u017c we \u015bnie. <\/p>\n<p><img decoding=\"async\" border=\"0\" alt=\"\" src=\"wp-content\/uploads\/2019\/03\/zlocieniec_MG_5697.jpg\" \/><\/p>\n<p>Zawsze lepiej tam, gdzie mnie nie ma. Miliony miejsc czekaj\u0105cych na <span style=\"font-style: italic;\">bycie<\/span> kogo\u015b, kto by tylko <span style=\"font-style: italic;\">by\u0142<\/span>, cho\u0107 raz. Nigdy nie zg\u0142\u0119bione otarcie si\u0119 o powierzchni\u0119, pierwsze wra\u017cenie, ulotne, a i tak mnie uzale\u017cnia &#8211; od kolejnych&#8230;<\/p>\n<p><img decoding=\"async\" border=\"0\" alt=\"\" src=\"wp-content\/uploads\/2019\/03\/zlocieniec_MG_5700.jpg\" \/><\/p>\n<p>Anonimowi ludzie, z ci\u0105gle podobnymi problemami. Jak nale\u017cy s\u0105dzi\u0107 &#8211; skategoryzowanymi, opisanymi ju\u017c dawno przez innych. Lecz gdy wzi\u0105\u0107 pod lup\u0119 &#8211; wy\u0142aniaj\u0105 si\u0119 niepowtarzalne zmagania, bez szablonu: ludzki b\u00f3l czy rado\u015b\u0107. <\/p>\n<p><img decoding=\"async\" border=\"0\" alt=\"\" src=\"wp-content\/uploads\/2019\/03\/zlocieniec_MG_5708.jpg\" \/><\/p>\n<p>Te same, a jednak inne marzenia. <\/p>\n<p><img decoding=\"async\" border=\"0\" alt=\"\" src=\"wp-content\/uploads\/2019\/03\/zlocieniec_MG_5720.jpg\" \/><\/p>\n<p><img decoding=\"async\" border=\"0\" alt=\"\" src=\"wp-content\/uploads\/2019\/03\/zlocieniec_MG_5716.jpg\" \/><\/p>\n<p>Budz\u0119 si\u0119, nie \u015bpi\u0119, cho\u0107 powinienem spa\u0107. T\u0119sknota nie pozwala zasn\u0105\u0107, rzeczywista lub wyimaginowana, wyidealizowana czy egoistyczna. Goni\u0107 za czym\u015b, czy raczej ucieka\u0107 &#8211; wygl\u0105da to tak podobnie&#8230;<br \/><\/font><\/p>\n","protected":false},"excerpt":{"rendered":"<p><font size=\"2\">Przekl\u0119ta&#8230;<\/p>\n","protected":false},"author":1,"featured_media":0,"comment_status":"open","ping_status":"open","sticky":false,"template":"","format":"standard","meta":{"footnotes":""},"categories":[50],"tags":[558,208],"_links":{"self":[{"href":"http:\/\/niecodziennosc.kubic.info\/index.php?rest_route=\/wp\/v2\/posts\/7932"}],"collection":[{"href":"http:\/\/niecodziennosc.kubic.info\/index.php?rest_route=\/wp\/v2\/posts"}],"about":[{"href":"http:\/\/niecodziennosc.kubic.info\/index.php?rest_route=\/wp\/v2\/types\/post"}],"author":[{"embeddable":true,"href":"http:\/\/niecodziennosc.kubic.info\/index.php?rest_route=\/wp\/v2\/users\/1"}],"replies":[{"embeddable":true,"href":"http:\/\/niecodziennosc.kubic.info\/index.php?rest_route=%2Fwp%2Fv2%2Fcomments&post=7932"}],"version-history":[{"count":0,"href":"http:\/\/niecodziennosc.kubic.info\/index.php?rest_route=\/wp\/v2\/posts\/7932\/revisions"}],"wp:attachment":[{"href":"http:\/\/niecodziennosc.kubic.info\/index.php?rest_route=%2Fwp%2Fv2%2Fmedia&parent=7932"}],"wp:term":[{"taxonomy":"category","embeddable":true,"href":"http:\/\/niecodziennosc.kubic.info\/index.php?rest_route=%2Fwp%2Fv2%2Fcategories&post=7932"},{"taxonomy":"post_tag","embeddable":true,"href":"http:\/\/niecodziennosc.kubic.info\/index.php?rest_route=%2Fwp%2Fv2%2Ftags&post=7932"}],"curies":[{"name":"wp","href":"https:\/\/api.w.org\/{rel}","templated":true}]}}