{"id":7936,"date":"2011-06-29T00:22:02","date_gmt":"2011-06-28T22:22:02","guid":{"rendered":"http:\/\/niecodziennosc.kubic.info\/index.php\/2011\/06\/29\/moze-raczej-lez\/"},"modified":"2011-06-29T00:22:02","modified_gmt":"2011-06-28T22:22:02","slug":"moze-raczej-lez","status":"publish","type":"post","link":"http:\/\/niecodziennosc.kubic.info\/?p=7936","title":{"rendered":"&#8222;Mo\u017ce raczej le\u017c&#8221;"},"content":{"rendered":"<p><font size=\"2\">Przede mn\u0105\u00a0bia\u0142a kartka. Przede mn\u0105 pusty prostok\u0105t na stronie blox.pl, w kt\u00f3rym mog\u0119, chc\u0119 co\u015b napisa\u0107. Czy powinienem&#8230; <\/p>\n<p><\/font><\/p>\n<p style=\"margin-left: 40px;\"><font size=\"2\" style=\"font-style: italic;\">Nim napiszesz wiersz <br \/>pomy\u015bl i zwa\u017c <br \/>jak dalece s\u0142uszny to krok <br \/>i czy naprawd\u0119 masz czas <br \/>\u017ceby pisa\u0107 wiersz <br \/>\u017ceby pisa\u0107 wiersz <\/p>\n<p>Mo\u017ce raczej wsta\u0144 <br \/>mo\u017ce raczej le\u017c <br \/>literatura jest pi\u0119kna i bez <br \/>podobnie jak ten <br \/>dogasaj\u0105cy ju\u017c dzie\u0144 <br \/>i g\u0119stniej\u0105cy ju\u017c mrok<\/font><\/p>\n<p style=\"margin-left: 40px;\"><font size=\"2\" style=\"font-style: italic;\">(&#8230;) <br \/><\/font><\/p>\n<p style=\"margin-left: 40px;\"><font size=\"2\">Grzegorz Turnau, <\/font><font size=\"2\" style=\"font-style: italic;\">Uno Memento Mortis<\/font><\/p>\n<p><font size=\"2\">Nie \u017ceby co\u015b stworzy\u0107, dorzuci\u0107 do kupki s\u0142\u00f3w pisanych. Raczej by wyci\u0105gn\u0105\u0107 i odstawi\u0107 na bok (wcze\u015bniej si\u0119 temu przyjrzawszy badawczo) co\u015b, co tkwi tu, mi\u0119dzy prze\u0142ykiem a p\u0119pkiem; pal\u0105ca substancja niewiadomej materii: to pytanie \u017cycia? Sprzeczno\u015b\u0107 nie do usuni\u0119cia? Bunt, zniecierpliwienie&#8230; A mo\u017ce po prostu nadkwasota \u017co\u0142\u0105dka i brak snu. Mo\u017ce po prostu wyobra\u017ania. <br \/><\/font><\/p>\n<p><font size=\"2\"><img decoding=\"async\" border=\"0\" alt=\"\" src=\"wp-content\/uploads\/2019\/03\/krakow_MG_3606.jpg\" \/><\/font><\/p>\n<p><font size=\"2\">Krak\u00f3w, Kazimierz.<br \/><\/font><\/p><\/p>\n","protected":false},"excerpt":{"rendered":"<p><font size=\"2\">Przede &#8230;<\/p>\n","protected":false},"author":1,"featured_media":0,"comment_status":"open","ping_status":"open","sticky":false,"template":"","format":"standard","meta":{"footnotes":""},"categories":[50],"tags":[70],"_links":{"self":[{"href":"http:\/\/niecodziennosc.kubic.info\/index.php?rest_route=\/wp\/v2\/posts\/7936"}],"collection":[{"href":"http:\/\/niecodziennosc.kubic.info\/index.php?rest_route=\/wp\/v2\/posts"}],"about":[{"href":"http:\/\/niecodziennosc.kubic.info\/index.php?rest_route=\/wp\/v2\/types\/post"}],"author":[{"embeddable":true,"href":"http:\/\/niecodziennosc.kubic.info\/index.php?rest_route=\/wp\/v2\/users\/1"}],"replies":[{"embeddable":true,"href":"http:\/\/niecodziennosc.kubic.info\/index.php?rest_route=%2Fwp%2Fv2%2Fcomments&post=7936"}],"version-history":[{"count":0,"href":"http:\/\/niecodziennosc.kubic.info\/index.php?rest_route=\/wp\/v2\/posts\/7936\/revisions"}],"wp:attachment":[{"href":"http:\/\/niecodziennosc.kubic.info\/index.php?rest_route=%2Fwp%2Fv2%2Fmedia&parent=7936"}],"wp:term":[{"taxonomy":"category","embeddable":true,"href":"http:\/\/niecodziennosc.kubic.info\/index.php?rest_route=%2Fwp%2Fv2%2Fcategories&post=7936"},{"taxonomy":"post_tag","embeddable":true,"href":"http:\/\/niecodziennosc.kubic.info\/index.php?rest_route=%2Fwp%2Fv2%2Ftags&post=7936"}],"curies":[{"name":"wp","href":"https:\/\/api.w.org\/{rel}","templated":true}]}}