{"id":7941,"date":"2011-06-22T00:12:17","date_gmt":"2011-06-21T22:12:17","guid":{"rendered":"http:\/\/niecodziennosc.kubic.info\/index.php\/2011\/06\/22\/pan-daleko\/"},"modified":"2019-05-05T01:42:17","modified_gmt":"2019-05-04T23:42:17","slug":"pan-daleko","status":"publish","type":"post","link":"http:\/\/niecodziennosc.kubic.info\/?p=7941","title":{"rendered":"Pan daleko?"},"content":{"rendered":"<p><font size=\"2\">&#8211; Daleko pan jedzie?<br \/>&#8211; Czterdzie\u015bci kilometr\u00f3w. <br \/>Starszy m\u0119\u017cczyzna, zaniedbany, w garniturze nie przypominaj\u0105cym&#8230; <br \/>Brunet, o naprawd\u0119 czarnych w\u0142osach, zmieszanych z bia\u0142ymi. Zapad\u0142e policzki, zarost. Kiedy\u015b przystojny, z pewno\u015bci\u0105. Teraz &#8211; rozpieraj\u0105cy si\u0119, raczej &#8211; wisz\u0105cy kurczowymi chwytami na oparciach foteli.<\/p>\n<p>Foteli tych, kt\u00f3re montuj\u0105 w busach. Akurat dla niego i jeszcze dw\u00f3ch zabrak\u0142o miejsca. (R\u00f3wnie\u017c dla kobiety, kt\u00f3ra postawi\u0142a z\u0142o\u017cony chodzik w przej\u015bciu.) Rzut oka po wn\u0119trzu &#8211; nikt nie jest tak stary jak on. <br \/>&#8211; Dobrze si\u0119 pan czuje?<br \/>&#8211; Co?<br \/><\/font><\/p>\n<div style=\"text-align: justify;\"><font size=\"2\">Niedos\u0142yszy. Jakby mia\u0142 to wypisane na twarzy. <\/font><\/div>\n<p><font size=\"2\">&#8211; Czy nie jest panu s\u0142abo?!<br \/>&#8211; No troch\u0119&#8230;<br \/>&quot;Troch\u0119&#8230;&quot; Kurcze, to banalna sytuacja. Czy wytrzyma te pi\u0119\u0107dziesi\u0105t minut? Pewnie, \u017ce wytrzyma. Inaczej nie jecha\u0142by sam. Zreszt\u0105 w takich sytuacjach ludzie mobilizuj\u0105 si\u0142y. Nikt wok\u00f3\u0142 nie wie, \u017ce stary, blady na twarzy, przytula si\u0119 resztkami si\u0142 do opar\u0107, obejmuj\u0105c je szeroko. Resztkami, kt\u00f3rych starczy na d\u0142ugo, bo na tym w\u0142a\u015bnie polegaj\u0105 resztki. <br \/>&#8211; Czy mo\u017ce kto\u015b z pa\u0144stwa by ust\u0105pi\u0142 miejsca?<br \/>To wr\u0119cz bezczelne pytanie. Wiem i o to mi chodzi. Nie s\u0142yszy go ch\u0142opak ze s\u0142uchawkami na uszach. <br \/>&#8211; Pani? Dzi\u0119kuj\u0119&#8230;<br \/><\/font><\/p>\n","protected":false},"excerpt":{"rendered":"<p><font size=\"2\">&#8211; Daleko &#8230;<\/p>\n","protected":false},"author":1,"featured_media":0,"comment_status":"open","ping_status":"open","sticky":false,"template":"","format":"standard","meta":{"footnotes":""},"categories":[22,909],"tags":[607,38],"_links":{"self":[{"href":"http:\/\/niecodziennosc.kubic.info\/index.php?rest_route=\/wp\/v2\/posts\/7941"}],"collection":[{"href":"http:\/\/niecodziennosc.kubic.info\/index.php?rest_route=\/wp\/v2\/posts"}],"about":[{"href":"http:\/\/niecodziennosc.kubic.info\/index.php?rest_route=\/wp\/v2\/types\/post"}],"author":[{"embeddable":true,"href":"http:\/\/niecodziennosc.kubic.info\/index.php?rest_route=\/wp\/v2\/users\/1"}],"replies":[{"embeddable":true,"href":"http:\/\/niecodziennosc.kubic.info\/index.php?rest_route=%2Fwp%2Fv2%2Fcomments&post=7941"}],"version-history":[{"count":1,"href":"http:\/\/niecodziennosc.kubic.info\/index.php?rest_route=\/wp\/v2\/posts\/7941\/revisions"}],"predecessor-version":[{"id":9081,"href":"http:\/\/niecodziennosc.kubic.info\/index.php?rest_route=\/wp\/v2\/posts\/7941\/revisions\/9081"}],"wp:attachment":[{"href":"http:\/\/niecodziennosc.kubic.info\/index.php?rest_route=%2Fwp%2Fv2%2Fmedia&parent=7941"}],"wp:term":[{"taxonomy":"category","embeddable":true,"href":"http:\/\/niecodziennosc.kubic.info\/index.php?rest_route=%2Fwp%2Fv2%2Fcategories&post=7941"},{"taxonomy":"post_tag","embeddable":true,"href":"http:\/\/niecodziennosc.kubic.info\/index.php?rest_route=%2Fwp%2Fv2%2Ftags&post=7941"}],"curies":[{"name":"wp","href":"https:\/\/api.w.org\/{rel}","templated":true}]}}