{"id":7949,"date":"2011-06-01T00:48:53","date_gmt":"2011-05-31T22:48:53","guid":{"rendered":"http:\/\/niecodziennosc.kubic.info\/index.php\/2011\/06\/01\/perfekcjonisci-cierpia\/"},"modified":"2011-06-01T00:48:53","modified_gmt":"2011-05-31T22:48:53","slug":"perfekcjonisci-cierpia","status":"publish","type":"post","link":"http:\/\/niecodziennosc.kubic.info\/?p=7949","title":{"rendered":"Perfekcjoni\u015bci cierpi\u0105"},"content":{"rendered":"<p><font size=\"2\"><font size=\"1\">Przegl\u0105dam statystyki blogu, a jak\u017ce. No i wyobra\u017acie sobie, \u017ce wpisuj\u0105c w google albo nawet w onecie &quot;niecodzienno\u015b\u0107&quot; dostaje si\u0119 ten blog na pierwszym miejscu \ud83d\ude42<\/font><\/p>\n<p>Niecodzienno\u015b\u0107&#8230; Za ni\u0105 t\u0119sknimy, wydaje si\u0119 idea\u0142em \u017cycia. Jest czym\u015b nieuchwytnym? Nierealnym? Bo kto\u015b przecie\u017c musi zrobi\u0107 te same, codzienne czynno\u015bci &#8211; masa ich, nieogarni\u0119ta, niezliczona, nie do wykonania bezb\u0142\u0119dnego. Perfekcjoni\u015bci cierpi\u0105, chyba, \u017ce porzuc\u0105 marzenia o odrobinie niecodzienno\u015bci. <\/p>\n<p>Czy ja wiem&#8230; Nic nie wiem. Aby powiedzie\u0107 co\u015b poruszaj\u0105cego, z moc\u0105, czego nie da si\u0119 zapomnie\u0107 &#8211; trzeba pogodzi\u0107 si\u0119 z tym, \u017ce powie si\u0119 nieprawd\u0119. Bo prawda, by nie by\u0142a truizmem, uog\u00f3lnionym sloganem, musi zosta\u0107 obwarowana dziesi\u0105tkami za\u0142o\u017ce\u0144 oraz t\u0142umacze\u0144 przypadk\u00f3w szczeg\u00f3lnych, w kt\u00f3rych zn\u00f3w ginie. Z chaosu pr\u00f3bujemy wyci\u0105gn\u0105\u0107 prawd\u0119 jak topielca z wody, co\u015b uporz\u0105dkowa\u0107, stwierdzi\u0107, lecz skutkuje to popadaniem w inny chaos i topieniem si\u0119 na nowo. <\/p>\n<p>Tak. Zdecydowa\u0142em kiedy\u015b, by nie pisa\u0107 wniosk\u00f3w, bo one nigdy nie b\u0119d\u0105 w stu procentach prawdziwe. Jak wida\u0107 &#8211; nie udaje mi si\u0119. Pisanie wniosk\u00f3w jest \u0142atwiejsze, o dziwo. <\/p>\n<p>Trzeba pisa\u0107 po prostu to, co wida\u0107, s\u0142ycha\u0107 i czu\u0107, maj\u0105c t\u0119 nadziej\u0119, \u017ce widzi si\u0119, s\u0142yszy i czuje cho\u0107 troch\u0119 inaczej, ni\u017c inni. I dlatego w\u0142a\u015bnie mo\u017cna im co\u015b da\u0107. <\/p>\n<p><\/font><\/p>\n","protected":false},"excerpt":{"rendered":"<p><font size=\"2\"><font ...\n<\/p>\n","protected":false},"author":1,"featured_media":0,"comment_status":"open","ping_status":"open","sticky":false,"template":"","format":"standard","meta":{"footnotes":""},"categories":[27],"tags":[867,889,879,891],"_links":{"self":[{"href":"http:\/\/niecodziennosc.kubic.info\/index.php?rest_route=\/wp\/v2\/posts\/7949"}],"collection":[{"href":"http:\/\/niecodziennosc.kubic.info\/index.php?rest_route=\/wp\/v2\/posts"}],"about":[{"href":"http:\/\/niecodziennosc.kubic.info\/index.php?rest_route=\/wp\/v2\/types\/post"}],"author":[{"embeddable":true,"href":"http:\/\/niecodziennosc.kubic.info\/index.php?rest_route=\/wp\/v2\/users\/1"}],"replies":[{"embeddable":true,"href":"http:\/\/niecodziennosc.kubic.info\/index.php?rest_route=%2Fwp%2Fv2%2Fcomments&post=7949"}],"version-history":[{"count":0,"href":"http:\/\/niecodziennosc.kubic.info\/index.php?rest_route=\/wp\/v2\/posts\/7949\/revisions"}],"wp:attachment":[{"href":"http:\/\/niecodziennosc.kubic.info\/index.php?rest_route=%2Fwp%2Fv2%2Fmedia&parent=7949"}],"wp:term":[{"taxonomy":"category","embeddable":true,"href":"http:\/\/niecodziennosc.kubic.info\/index.php?rest_route=%2Fwp%2Fv2%2Fcategories&post=7949"},{"taxonomy":"post_tag","embeddable":true,"href":"http:\/\/niecodziennosc.kubic.info\/index.php?rest_route=%2Fwp%2Fv2%2Ftags&post=7949"}],"curies":[{"name":"wp","href":"https:\/\/api.w.org\/{rel}","templated":true}]}}