{"id":7961,"date":"2011-05-07T08:48:28","date_gmt":"2011-05-07T06:48:28","guid":{"rendered":"http:\/\/niecodziennosc.kubic.info\/index.php\/2011\/05\/07\/zacznij-od-kielbasy\/"},"modified":"2011-05-07T08:48:28","modified_gmt":"2011-05-07T06:48:28","slug":"zacznij-od-kielbasy","status":"publish","type":"post","link":"http:\/\/niecodziennosc.kubic.info\/?p=7961","title":{"rendered":"Zacznij od kie\u0142basy"},"content":{"rendered":"<p><font size=\"2\">M\u00f3wi m\u00f3j przyjaciel Micha\u0142 &#8211; jak nie wiesz, co dalej, to zacznij od pocz\u0105tku. Tak wi\u0119c&#8230; <\/p>\n<p>Pami\u0119tam! By\u0142o to wtedy, kiedy na kanale History lecia\u0142 film o grypie hiszpance (czy powinno by\u0107 z du\u017cej litery? w sumie jest sobota rano, co mo\u017ce zwolni\u0107 mnie od zastanawiania si\u0119 nad tym) w powi\u0105zaniu z I Wojn\u0105 \u015awiatow\u0105. Grypa zabi\u0142a wi\u0119cej os\u00f3b ni\u017c dzia\u0142ania wojenne. &quot;To skandal&quot; pomy\u015bla\u0142em le\u017c\u0105c na tapczanie naprzeciw telewizora &quot;\u017ce prawie nigdy, kiedy m\u00f3wi si\u0119 o I Wojnie \u015awiatowej, nie wspomina si\u0119 o hiszpance, kt\u00f3ra zebra\u0142a wi\u0119ksze \u017cniwo&quot; (sprawdzi\u0142em, pisze si\u0119 jednak z ma\u0142ej). Wtedy m\u00f3j tata zapyta\u0142 z kuchni, czy mam troch\u0119 czasu i m\u00f3g\u0142bym co\u015b zrobi\u0107. Co prawda wtedy g\u0142owa bola\u0142a mnie jeszcze (po wypadku) du\u017co bardziej ni\u017c teraz, ale zgodzi\u0142em si\u0119. <\/p>\n<p>Najpierw zaproponowa\u0142 mi samo kr\u0119cenie maszynk\u0105. Sam mia\u0142 nak\u0142ada\u0107 mi\u0119so, naci\u0105ga\u0107 jelito i kszta\u0142towa\u0107 laski (chyba raczej p\u0119ta, zn\u00f3w szuka\u0142em w Internecie). Ale to by\u0142o za du\u017co dla niego, a za ma\u0142o dla mnie. Zacz\u0105\u0142em wi\u0119c sam nak\u0142ada\u0107. <\/p>\n<p><img decoding=\"async\" border=\"0\" src=\"wp-content\/uploads\/2019\/03\/kielbasa_MG_5525.jpg\" alt=\"\" \/><\/p>\n<p>&quot;Jelito, czterdzie\u015bci dziewi\u0119\u0107 z\u0142otych za dziewi\u0119\u0107dziesi\u0105t metr\u00f3w&quot; powiedzia\u0142 tata. Czy mo\u017ce odwrotnie&#8230;? Nie mam pami\u0119ci do cyfr (ani nazwisk). Mi\u0119sa by\u0142a ca\u0142a miska, &quot;p\u00f3\u0142torej godziny jak nic&quot; pomy\u015bla\u0142em. To z braku do\u015bwiadczenia. <\/p>\n<p>Moja fascynacja fascynacj\u0105 ojca os\u0142ab\u0142a w chwili, kiedy wyjawi\u0142 mi, \u017ce wraz z ka\u017cdym w\u0119dzeniem zmniejsza si\u0119 liczba drzew na naszym ogrodzie. &quot;No a jak my\u015bla\u0142e\u015b, sk\u0105d bior\u0119 drewno?&quot; Stan\u0119\u0142a mi w oczach wizja ogrodu tylko z koszon\u0105 przez tat\u0119 traw\u0105, zupe\u0142nie ogo\u0142oconego z drzew, ju\u017c z pewno\u015bci\u0105 tych, kt\u00f3rych drewno nadaje si\u0119 do w\u0119dzarni. <\/p>\n<p>Sko\u0144czyli\u015bmy mo\u017ce po dwudziestu minutach. Pozosta\u0142o tylko umy\u0107 lew\u0105 r\u0119k\u0119 (jak na zdj\u0119ciu), co po mi\u0119sie kie\u0142basianym wcale nie jest takie proste (nie dlatego, \u017ce brudne, tylko t\u0142uste).<\/p>\n<p>No, zacz\u0105\u0142em prawie od pocz\u0105tku, mo\u017ce temat niezbyt elegancki, ale zacz\u0105\u0142em. <br \/><\/font><\/p>\n","protected":false},"excerpt":{"rendered":"<p><font size=\"2\">M\u00f3wi m\u00f3j &#8230;<\/p>\n","protected":false},"author":1,"featured_media":0,"comment_status":"open","ping_status":"open","sticky":false,"template":"","format":"standard","meta":{"footnotes":""},"categories":[50],"tags":[34,532,872,638],"_links":{"self":[{"href":"http:\/\/niecodziennosc.kubic.info\/index.php?rest_route=\/wp\/v2\/posts\/7961"}],"collection":[{"href":"http:\/\/niecodziennosc.kubic.info\/index.php?rest_route=\/wp\/v2\/posts"}],"about":[{"href":"http:\/\/niecodziennosc.kubic.info\/index.php?rest_route=\/wp\/v2\/types\/post"}],"author":[{"embeddable":true,"href":"http:\/\/niecodziennosc.kubic.info\/index.php?rest_route=\/wp\/v2\/users\/1"}],"replies":[{"embeddable":true,"href":"http:\/\/niecodziennosc.kubic.info\/index.php?rest_route=%2Fwp%2Fv2%2Fcomments&post=7961"}],"version-history":[{"count":0,"href":"http:\/\/niecodziennosc.kubic.info\/index.php?rest_route=\/wp\/v2\/posts\/7961\/revisions"}],"wp:attachment":[{"href":"http:\/\/niecodziennosc.kubic.info\/index.php?rest_route=%2Fwp%2Fv2%2Fmedia&parent=7961"}],"wp:term":[{"taxonomy":"category","embeddable":true,"href":"http:\/\/niecodziennosc.kubic.info\/index.php?rest_route=%2Fwp%2Fv2%2Fcategories&post=7961"},{"taxonomy":"post_tag","embeddable":true,"href":"http:\/\/niecodziennosc.kubic.info\/index.php?rest_route=%2Fwp%2Fv2%2Ftags&post=7961"}],"curies":[{"name":"wp","href":"https:\/\/api.w.org\/{rel}","templated":true}]}}