{"id":7963,"date":"2011-05-02T22:29:19","date_gmt":"2011-05-02T20:29:19","guid":{"rendered":"http:\/\/niecodziennosc.kubic.info\/index.php\/2011\/05\/02\/u-laryngologa\/"},"modified":"2019-05-05T01:42:18","modified_gmt":"2019-05-04T23:42:18","slug":"u-laryngologa","status":"publish","type":"post","link":"http:\/\/niecodziennosc.kubic.info\/?p=7963","title":{"rendered":"U laryngologa"},"content":{"rendered":"<p><font size=\"2\">&#8211; Prosz\u0119 pana, jest pan jeszcze m\u0142odym cz\u0142owiekiem, musi pan my\u015ble\u0107 o sobie, ale i nie tylko. Ma pan rodzin\u0119, dzieci, kt\u00f3re trzeba wychowa\u0107, wykszta\u0142ci\u0107, wyda\u0107 za m\u0105\u017c&#8230;<br \/>&#8211; Panie doktorze, nie jestem ju\u017c taki m\u0142ody, idzie mi czterdziestka&#8230;<br \/>&#8211; Prosz\u0119 pana&#8230;!<br \/>Popatrzy\u0142em na jego twarz, nawet nie tyle pomarszczon\u0105, co o du\u017cych, krzaczastych, siwych brwiach i podobnych im nieuporz\u0105dkowanych w\u0142osach, sp\u0142ywaj\u0105cych na czo\u0142o i wystaj\u0105cych gdzie\u015b tam z ty\u0142u i z bok\u00f3w. Zamiast zmarszczek mia\u0142 dwie g\u0142\u0119bokie bruzdy, oddzielaj\u0105ce ostrym skosem usta od policzk\u00f3w, z du\u017cym nosem po\u015brodku. Skoro leczy\u0142 mnie ju\u017c kiedy mia\u0142em 6 lat, to ile on teraz m\u00f3g\u0142 mie\u0107&#8230;<br \/>&#8211; Przepraszam. <br \/>&#8211; No w\u0142a\u015bnie. Tak wi\u0119c prosz\u0119 do siebie podchodzi\u0107 powa\u017cnie. <br \/>&#8211; Ale to nie by\u0142a ca\u0142a moja wina?<br \/>&#8211; &#8230;?<br \/>&#8211; No, nie by\u0142em winny w stu procentach. <br \/>&#8211; Jak to?<br \/>&#8211; Mam przecie\u017c cukrzyc\u0119, i hipoglikemie nie s\u0105 s\u0105 zale\u017cne ode mnie. <br \/>&#8211; Ale musi pan by\u0107 zawsze przygotowany, to si\u0119 nie zdarza tak sobie, przecie\u017c na tym polega&#8230; Czy rozmawiamy powa\u017cnie&#8230;?<br \/>&#8211; Tak tak, ma pan racj\u0119. By\u0142o w tym sporo mojej winy. <br \/>Popatrzy\u0142 teraz tak, jakby czego\u015b nie rozumia\u0142 &#8211; tego, \u017ce sam si\u0119 przyznaj\u0119. W oczach b\u0142ys\u0142o to, czego brakowa\u0142o od pocz\u0105tku wizyty. Zda\u0142em sobie spraw\u0119, \u017ce od mojego wej\u015bcia by\u0142 dziwnie pow\u015bci\u0105gliwy, ch\u0142odny, jakbym w og\u00f3le nie wszed\u0142, jakby chcia\u0142 si\u0119 do mnie odwr\u00f3ci\u0107 bokiem.\u00a0 <br \/>&#8211; Bo wie pan, ja ju\u017c wszystko zrobi\u0142em, co nale\u017ca\u0142o. Z wyj\u0105tkiem tej ostatniej rzeczy. My\u015bla\u0142em, \u017ce ujdzie. \u017be to ju\u017c. Przecie\u017c cz\u0142owiek si\u0119 myli&#8230; Rutyna, pewno\u015b\u0107 siebie i tak dalej&#8230;<br \/>Poda\u0142em mu tekst rozpoznania, sporz\u0105dzonego po przyj\u0119ciu mnie na oddzia\u0142 ratunkowy i prze\u015bwietleniu tomografem. Nie musia\u0142 go czyta\u0107, by\u0142 teraz dla mnie tylko laryngologiem, cho\u0107 kiedy\u015b operowa\u0142 ludziom g\u0142owy. Jednak czyta\u0142. <br \/>&#8211; Prosz\u0119 pana, to, co teraz powiem b\u0119dzie wynika\u0142o z tego, \u017ce pana lubi\u0119, a nie tylko z tego, \u017ce jest pan moim pacjentem. D\u0142ugo pana lecz\u0119?<br \/>&#8211; No pami\u0119tam, jak mia\u0142em mo\u017ce sze\u015b\u0107 lat&#8230;<br \/>&#8211; Tak wi\u0119c podchodz\u0119 do pana po ojcowsku. I dlatego powiem, \u017ceby pan wiedzia\u0142, \u017ce teraz \u017cyje pan na kredyt. I prosz\u0119 cieszy\u0107 si\u0119 zwolnieniem lekarskim, i spokojnie siedzie\u0107 na &#8230;.., bo czeka pana jeszcze drugie czterdzie\u015bci lat. <br \/><\/font><\/p>\n","protected":false},"excerpt":{"rendered":"<p><font size=\"2\">&#8211; Prosz\u0119 &#8230;<\/p>\n","protected":false},"author":1,"featured_media":0,"comment_status":"open","ping_status":"open","sticky":false,"template":"","format":"standard","meta":{"footnotes":""},"categories":[50,909],"tags":[233,874,38,675],"_links":{"self":[{"href":"http:\/\/niecodziennosc.kubic.info\/index.php?rest_route=\/wp\/v2\/posts\/7963"}],"collection":[{"href":"http:\/\/niecodziennosc.kubic.info\/index.php?rest_route=\/wp\/v2\/posts"}],"about":[{"href":"http:\/\/niecodziennosc.kubic.info\/index.php?rest_route=\/wp\/v2\/types\/post"}],"author":[{"embeddable":true,"href":"http:\/\/niecodziennosc.kubic.info\/index.php?rest_route=\/wp\/v2\/users\/1"}],"replies":[{"embeddable":true,"href":"http:\/\/niecodziennosc.kubic.info\/index.php?rest_route=%2Fwp%2Fv2%2Fcomments&post=7963"}],"version-history":[{"count":1,"href":"http:\/\/niecodziennosc.kubic.info\/index.php?rest_route=\/wp\/v2\/posts\/7963\/revisions"}],"predecessor-version":[{"id":9088,"href":"http:\/\/niecodziennosc.kubic.info\/index.php?rest_route=\/wp\/v2\/posts\/7963\/revisions\/9088"}],"wp:attachment":[{"href":"http:\/\/niecodziennosc.kubic.info\/index.php?rest_route=%2Fwp%2Fv2%2Fmedia&parent=7963"}],"wp:term":[{"taxonomy":"category","embeddable":true,"href":"http:\/\/niecodziennosc.kubic.info\/index.php?rest_route=%2Fwp%2Fv2%2Fcategories&post=7963"},{"taxonomy":"post_tag","embeddable":true,"href":"http:\/\/niecodziennosc.kubic.info\/index.php?rest_route=%2Fwp%2Fv2%2Ftags&post=7963"}],"curies":[{"name":"wp","href":"https:\/\/api.w.org\/{rel}","templated":true}]}}