{"id":7965,"date":"2011-04-23T05:59:52","date_gmt":"2011-04-23T03:59:52","guid":{"rendered":"http:\/\/niecodziennosc.kubic.info\/index.php\/2011\/04\/23\/wiosna-znow\/"},"modified":"2011-04-23T05:59:52","modified_gmt":"2011-04-23T03:59:52","slug":"wiosna-znow","status":"publish","type":"post","link":"http:\/\/niecodziennosc.kubic.info\/?p=7965","title":{"rendered":"Wiosna zn\u00f3w"},"content":{"rendered":"<p><font size=\"2\"><span style=\"font-style: italic;\">Ten moment<\/span> &#8211; w kt\u00f3rym przynaglone nadchodz\u0105cym ciep\u0142em, zdziwione, zaskoczone, cho\u0107 przecie\u017c od dawna czekaj\u0105ce na <span style=\"font-style: italic;\">ten w\u0142a\u015bnie moment<\/span> &#8211; drzewa i wszystkie ro\u015bliny &#8211; wypuszczaj\u0105 li\u015bcie. <span style=\"font-style: italic;\">Ten moment<\/span> pami\u0119tam z lat studi\u00f3w: wybuch wolno\u015bci, nie nale\u017c\u0105cej do mnie, lecz gdzie\u015b tam, za \u015bcian\u0105 sali wyk\u0142adowej, laboratorium, sali do \u0107wicze\u0144 na instrumencie. Nie nale\u017c\u0105cej, a jednak po ni\u0105 si\u0119ga\u0142em, wbrew mojemu prawu, zdrowemu rozs\u0105dkowi. Dni utkane strachem, bo prawie nigdy nie by\u0142em przygotowany, z tygodniowym baga\u017cem nie pouk\u0142adanych zaj\u0119\u0107, nie porzuconych fascynacji, uczepiony skrawk\u00f3w wolno\u015bci, wdychania zapach\u00f3w wiosny w p\u0119dzie po alejkach parku, ch\u0142odzie krakowskiego Rynku o trzeciej nad ranem, wieczornych audycji radiowych i improwizacji <span style=\"font-style: italic;\">U Harrisa<\/span>, i jeszcze czego\u015b, i jeszcze&#8230; <\/p>\n<p>Tak pozosta\u0142o, cudowne zakl\u0119cie wiosny topi\u0105ce si\u0119 w falach trwogi, do dzi\u015b. Cho\u0107 trwogi ju\u017c nie ma&#8230; powod\u00f3w. O sz\u00f3stej rano patrz\u0119 za okno, wiosna nie jest moja, no mo\u017ce na godzin\u0119 lub dwie, gdy z dzie\u0107mi na placu zabaw (zreszt\u0105 &#8211; za chwil\u0119 si\u0119 obudz\u0105). Lecz i tak, co z t\u0105 wiosn\u0105? Chyba tylko p\u00f3j\u015b\u0107 w pola, poza granic\u0105 osiedla, tam usi\u0105\u015b\u0107, po\u0142o\u017cy\u0107 si\u0119, zosta\u0107.<br \/><\/font><\/p>\n","protected":false},"excerpt":{"rendered":"<p><font size=\"2\"><span ...\n<\/p>\n","protected":false},"author":1,"featured_media":0,"comment_status":"open","ping_status":"open","sticky":false,"template":"","format":"standard","meta":{"footnotes":""},"categories":[27],"tags":[186,432,881,269],"_links":{"self":[{"href":"http:\/\/niecodziennosc.kubic.info\/index.php?rest_route=\/wp\/v2\/posts\/7965"}],"collection":[{"href":"http:\/\/niecodziennosc.kubic.info\/index.php?rest_route=\/wp\/v2\/posts"}],"about":[{"href":"http:\/\/niecodziennosc.kubic.info\/index.php?rest_route=\/wp\/v2\/types\/post"}],"author":[{"embeddable":true,"href":"http:\/\/niecodziennosc.kubic.info\/index.php?rest_route=\/wp\/v2\/users\/1"}],"replies":[{"embeddable":true,"href":"http:\/\/niecodziennosc.kubic.info\/index.php?rest_route=%2Fwp%2Fv2%2Fcomments&post=7965"}],"version-history":[{"count":0,"href":"http:\/\/niecodziennosc.kubic.info\/index.php?rest_route=\/wp\/v2\/posts\/7965\/revisions"}],"wp:attachment":[{"href":"http:\/\/niecodziennosc.kubic.info\/index.php?rest_route=%2Fwp%2Fv2%2Fmedia&parent=7965"}],"wp:term":[{"taxonomy":"category","embeddable":true,"href":"http:\/\/niecodziennosc.kubic.info\/index.php?rest_route=%2Fwp%2Fv2%2Fcategories&post=7965"},{"taxonomy":"post_tag","embeddable":true,"href":"http:\/\/niecodziennosc.kubic.info\/index.php?rest_route=%2Fwp%2Fv2%2Ftags&post=7965"}],"curies":[{"name":"wp","href":"https:\/\/api.w.org\/{rel}","templated":true}]}}