{"id":7972,"date":"2011-04-02T09:24:21","date_gmt":"2011-04-02T07:24:21","guid":{"rendered":"http:\/\/niecodziennosc.kubic.info\/index.php\/2011\/04\/02\/nie-chce-mi-sie\/"},"modified":"2019-05-05T01:42:18","modified_gmt":"2019-05-04T23:42:18","slug":"nie-chce-mi-sie","status":"publish","type":"post","link":"http:\/\/niecodziennosc.kubic.info\/?p=7972","title":{"rendered":"Nie chce mi si\u0119"},"content":{"rendered":"<p><font size=\"2\">Przy\u0142o\u017cy\u0107 g\u0142ow\u0119 do poduszki i tak zosta\u0107. Wi\u0119cej ju\u017c nie potrzebuj\u0119, nie chc\u0119. Tak by\u0142oby najspokojniej. To, co widzia\u0142em, do\u015bwiadczy\u0142em w \u017cyciu ju\u017c si\u0119 spe\u0142ni\u0142o &#8211; najwi\u0119ksze marzenia. Oczywi\u015bcie te realne, bo s\u0105 jeszcze i takie, w kt\u00f3re nigdy nie wierzy\u0142em. <\/p>\n<p>Upalne lato, z podw\u00f3rka ju\u017c dawno wyparowa\u0142y resztki wilgoci, dlatego lekki podmuch ci\u0105gnie <\/font><font size=\"2\">tuman kurzu<\/font><font size=\"2\">. Babcia na ganku, pod os\u0142on\u0105 daszku, od lat tylko tam dochodzi. Spogl\u0105dam na ni\u0105, kiwa g\u0142ow\u0105. <br \/>&#8211; Jak si\u0119 masz?<br \/>Kiwa w stron\u0119 s\u0105siad\u00f3w, kt\u00f3rych obej\u015bcie przyklejone jest do cmentarnego muru. <br \/>&#8211; Tam bym chcia\u0142a ju\u017c by\u0107. <br \/>&#8211; Ale\u017c co ty opowiadasz. <br \/>S\u0142owa przecie\u017c idiotyczne. Sprzed siedmiu, o\u015bmiu lat. <br \/>&#8211; Musisz jeszcze zobaczy\u0107 moje dziecko. <br \/>Zobaczy\u0142a rok p\u00f3\u017aniej. W tumanie suchego kurzu le\u017ca\u0142a Sara, w w\u00f3zku, z czapeczk\u0105, w \u015bpioszkach. Babcia z surowym na twarzy nakazem pokazywa\u0142a na migi (by jej nie obudzi\u0107): przykryj j\u0105, przykryj, bo ci si\u0119 przezi\u0119bi!<\/p>\n<p>Babci\u0119 odwie\u017ali\u015bmy do szpitala na d\u0142ugo po tym, jak zacz\u0119li j\u0105 odwiedza\u0107 go\u015bcie, z telewizora. Tak naprawd\u0119 chodzi\u0142o o to, \u017ce traci\u0142a si\u0142y, a jej krew w wynikach bada\u0144 przypomina\u0142a zgo\u0142a co\u015b innego, ni\u017c krew. W upalny dzie\u0144 kiwa\u0142a na nas z okna samochodu. <br \/>&#8211; Ja ju\u017c tu nie wr\u00f3c\u0119. <br \/>&#8211; Wr\u00f3cisz. <\/p>\n<p>Babcia by\u0142a naszym dzieci\u0144stwem. Ja by\u0142em pierwszy, moja mama wkr\u00f3tce po urodzeniu wr\u00f3ci\u0142a do pracy. Le\u017ca\u0142em u Babci w pokoju na tapczanie, pod wisz\u0105cym na \u015bcianie dywanem. I tak potem przez kilkana\u015bcie lat, przez ponad osiem godzin dziennie by\u0142em u niej, a po drodze pojawili si\u0119 moi dwaj kuzyni i brat. Wszyscy przeszli przez ni\u0105 &#8211; jej \u015bniadania i obiady, nauki, reprymendy, kary. Po powrocie rodzic\u00f3w z pracy Babcia czasem zwierza\u0142a si\u0119 z tego, za co ju\u017c nas ukara\u0142a, i dostawali\u015bmy jeszcze od rodzic\u00f3w. <\/p>\n<p>Potem, chodz\u0105c ju\u017c do szko\u0142y, musieli\u015bmy przecie\u017c je\u015b\u0107 \u015bniadania i obiady, a kuchnia nale\u017ca\u0142a do niej, wi\u0119c s\u0142uchali\u015bmy tego, co mia\u0142a nam do powiedzenia. I przestrzegali\u015bmy zasad i godzin bo &quot;ja nie b\u0119d\u0119 ca\u0142y dzie\u0144 rozk\u0142ada\u0107 jedzenia i sprz\u0105ta\u0107 po was&quot;.<\/p>\n<p>Babcia nie wr\u00f3ci\u0142a. <\/p>\n<p>Dzi\u015b w<\/font><font size=\"2\">ygl\u0105dam przez okno naszej kuchni. K<\/font><font size=\"2\">rzewy pod oknem wypuszczaj\u0105 p\u0105ki. Uparte. Ka\u017cdej wiosny tak samo. A mnie si\u0119 teraz nie chce, w zasadzie to troch\u0119 Babci\u0119 zrozumia\u0142em, \u017ce m\u00f3g\u0142bym i\u015b\u0107 tam, za mur, i si\u0119 po\u0142o\u017cy\u0107. <\/p>\n<p>&#8211; He he, brachu, a to ci si\u0119 zachciewa!<br \/>To&#8230; Wiesiek! Zda\u0142em sobie spraw\u0119, \u017ce ostatnie zdanie powiedzia\u0142em na g\u0142os. <br \/>&#8211; Prze\u015bmiewco&#8230; A czemu\u017c zawdzi\u0119czam wizyt\u0119 o tej porze w sobot\u0119? Ty, \u015bpioch dokumentny? <br \/>&#8211; M\u00f3j ojciec robi kie\u0142bas\u0119 i przysy\u0142a Wam troch\u0119, na spr\u00f3bowanie. <br \/>&#8211; Dzi\u0119kujemy&#8230; Jako\u015b nie mam apetytu&#8230;<br \/>&#8211; To mo\u017ce tw\u00f3j ojciec spr\u00f3buje. Podobno te\u017c robi kie\u0142bas\u0119.<br \/><\/font><\/p>\n","protected":false},"excerpt":{"rendered":"<p><font size=\"2\">Przy\u0142o\u017cy\u0107&#8230;<\/p>\n","protected":false},"author":1,"featured_media":0,"comment_status":"open","ping_status":"open","sticky":false,"template":"","format":"standard","meta":{"footnotes":""},"categories":[27,909],"tags":[607,896,38,638,269],"_links":{"self":[{"href":"http:\/\/niecodziennosc.kubic.info\/index.php?rest_route=\/wp\/v2\/posts\/7972"}],"collection":[{"href":"http:\/\/niecodziennosc.kubic.info\/index.php?rest_route=\/wp\/v2\/posts"}],"about":[{"href":"http:\/\/niecodziennosc.kubic.info\/index.php?rest_route=\/wp\/v2\/types\/post"}],"author":[{"embeddable":true,"href":"http:\/\/niecodziennosc.kubic.info\/index.php?rest_route=\/wp\/v2\/users\/1"}],"replies":[{"embeddable":true,"href":"http:\/\/niecodziennosc.kubic.info\/index.php?rest_route=%2Fwp%2Fv2%2Fcomments&post=7972"}],"version-history":[{"count":1,"href":"http:\/\/niecodziennosc.kubic.info\/index.php?rest_route=\/wp\/v2\/posts\/7972\/revisions"}],"predecessor-version":[{"id":9092,"href":"http:\/\/niecodziennosc.kubic.info\/index.php?rest_route=\/wp\/v2\/posts\/7972\/revisions\/9092"}],"wp:attachment":[{"href":"http:\/\/niecodziennosc.kubic.info\/index.php?rest_route=%2Fwp%2Fv2%2Fmedia&parent=7972"}],"wp:term":[{"taxonomy":"category","embeddable":true,"href":"http:\/\/niecodziennosc.kubic.info\/index.php?rest_route=%2Fwp%2Fv2%2Fcategories&post=7972"},{"taxonomy":"post_tag","embeddable":true,"href":"http:\/\/niecodziennosc.kubic.info\/index.php?rest_route=%2Fwp%2Fv2%2Ftags&post=7972"}],"curies":[{"name":"wp","href":"https:\/\/api.w.org\/{rel}","templated":true}]}}