{"id":7973,"date":"2011-04-02T04:09:36","date_gmt":"2011-04-02T02:09:36","guid":{"rendered":"http:\/\/niecodziennosc.kubic.info\/index.php\/2011\/04\/02\/takie-znalezione-cytaty\/"},"modified":"2011-04-02T04:09:36","modified_gmt":"2011-04-02T02:09:36","slug":"takie-znalezione-cytaty","status":"publish","type":"post","link":"http:\/\/niecodziennosc.kubic.info\/?p=7973","title":{"rendered":"Takie znalezione cytaty"},"content":{"rendered":"<div style=\"margin-left: 40px;\"><font size=\"2\"><span style=\"font-style: italic;\">Je\u015bli si\u0119 zastanowimy nad podstaw\u0105 dystansu, kt\u00f3ra pozwala nam nazywa\u0107 pi\u0119knym dobro nie budz\u0105ce w nas pragnienia, zrozumiemy, \u017ce m\u00f3wimy o pi\u0119knie, gdy radujemy si\u0119 czym\u015b ju\u017c tylko z tego powodu, \u017ce jest, niezale\u017cnie od jego posiadania. Nawet \u0142adnie owini\u0119ty tort weselny, podziwiany na witrynie cukiernika, mo\u017ce jawi\u0107 nam si\u0119 jako pi\u0119kny, cho\u0107by\u015bmy ze wzgl\u0119d\u00f3w zdrowotnych albo z braku apetytu nie pragn\u0119li go wcale jako dobra do zdobycia. Pi\u0119kne jest to, co cieszy\u0142oby nas, gdyby by\u0142o nasze, ale pozostaje pi\u0119kne nawet, gdy nale\u017cy do innego. Oczywi\u015bcie nie badamy tu postawy kogo\u015b, kto w obliczu rzeczy pi\u0119knej, takiej jak obraz wielkiego malarza, pragnie j\u0105 zdoby\u0107, by by\u0107 jej dumnym posiadaczem, aby m\u00f3c na ni\u0105 patrze\u0107 codziennie albo dlatego, \u017ce ma ona wielk\u0105 warto\u015b\u0107 ekonomiczn\u0105. Owe formy nami\u0119tno\u015bci i zazdro\u015bci, woli posiadania, zawi\u015bci lub najzwyklejszej chciwo\u015bci nie maj\u0105 nic wsp\u00f3lnego z poczuciem pi\u0119kna. Cz\u0142owiek spragniony, kt\u00f3ry znajduje \u017ar\u00f3d\u0142o i pochyla si\u0119, by z niego pi\u0107, nie kontempluje w nim pi\u0119kno\u015bci. Mo\u017ce uczyni\u0107 to p\u00f3\u017aniej, gdy zaspokoi pragnienie. Dlatego poczucie pi\u0119kna odmienne jest od pragnienia. Mo\u017cna uwa\u017ca\u0107 istoty ludzkie za pi\u0119kne, nie po\u017c\u0105daj\u0105c ich albo wiedz\u0105c, \u017ce nie mog\u0105 nigdy sta\u0107 si\u0119 nasze. Je\u017celi natomiast pragnie si\u0119 osoby (kt\u00f3ra mo\u017ce by\u0107 nawet brzydka) i nie mo\u017cna mie\u0107 z ni\u0105 upragnionej wi\u0119zi, do\u015bwiadcza si\u0119 cierpienia. <\/p>\n<p><\/span>ze wst\u0119pu do<span style=\"font-style: italic;\"> Historii pi\u0119kna <\/span>pod redakcj\u0105<span style=\"font-style: italic;\"> Umberto Eco<br \/><\/span><\/font><\/div>\n<p><font size=\"2\"><\/p>\n<p>&#8212;&#8212;&#8211;<\/p>\n<p>A na deser &#8211; co\u015b z polityki \ud83d\ude09<\/p>\n<p>Hegel (cytat wed\u0142ug Slavoja \u017bi\u017cka z wywiadu z Gazet\u0105 Wyborcz\u0105):<\/p>\n<p><\/font><\/p>\n<div style=\"margin-left: 40px; font-style: italic;\"><font size=\"2\">&#8230;prawdziwe zwyci\u0119stwo w polityce nie polega na tym, \u017ceby przeciwnika<br \/>\nzabi\u0107, lecz by doprowadzi\u0107 go do tego, \u017ceby &#8211; nawet atakuj\u0105c ci\u0119 &#8211;<br \/>\nprzem\u00f3wi\u0142 twoim j\u0119zykiem.<\/font><\/div>\n<div style=\"overflow: hidden; color: rgb(0, 0, 0); background-color: transparent; text-align: left; text-decoration: none; border: medium none; margin-left: 40px;\"><font size=\"2\"><br \/><font size=\"1\"><a style=\"color: rgb(0, 51, 153);\" href=\"http:\/\/wyborcza.pl\/1,97738,6998943,Mam_slabosc_do_Robespierre_a.html?as=3&#038;startsz=x#ixzz1IJ77FkHy\">http:\/\/wyborcza.pl\/1,97738,6998943,Mam_slabosc_do_Robespierre_a.html?as=3&amp;startsz=x#ixzz1IJ77FkHy<\/a><\/font><\/p>\n<p><\/font><\/div>\n<p><font size=\"2\"><br \/><\/font><\/p>\n<div style=\"overflow: hidden; color: rgb(0, 0, 0); background-color: transparent; text-align: left; text-decoration: none; border: medium none;\"><font size=\"2\">I tutaj lider pewnej wp\u0142ywowej polskiej partii odni\u00f3s\u0142 ogromny sukces, bo czy\u017c i my nie przej\u0119li\u015bmy jego zwrot\u00f3w? Na przyk\u0142ad <span style=\"font-style: italic;\">\u0142\u017ce-elity<\/span>, <span style=\"font-style: italic;\">oczywista oczywisto\u015b\u0107<\/span>, <span style=\"font-style: italic;\">lumpenliberalizm<\/span>&#8230;<\/font><\/div>\n","protected":false},"excerpt":{"rendered":"<div style=\"margin-left:... \n\n","protected":false},"author":1,"featured_media":0,"comment_status":"open","ping_status":"open","sticky":false,"template":"","format":"standard","meta":{"footnotes":""},"categories":[24],"tags":[108,877,889,875],"_links":{"self":[{"href":"http:\/\/niecodziennosc.kubic.info\/index.php?rest_route=\/wp\/v2\/posts\/7973"}],"collection":[{"href":"http:\/\/niecodziennosc.kubic.info\/index.php?rest_route=\/wp\/v2\/posts"}],"about":[{"href":"http:\/\/niecodziennosc.kubic.info\/index.php?rest_route=\/wp\/v2\/types\/post"}],"author":[{"embeddable":true,"href":"http:\/\/niecodziennosc.kubic.info\/index.php?rest_route=\/wp\/v2\/users\/1"}],"replies":[{"embeddable":true,"href":"http:\/\/niecodziennosc.kubic.info\/index.php?rest_route=%2Fwp%2Fv2%2Fcomments&post=7973"}],"version-history":[{"count":0,"href":"http:\/\/niecodziennosc.kubic.info\/index.php?rest_route=\/wp\/v2\/posts\/7973\/revisions"}],"wp:attachment":[{"href":"http:\/\/niecodziennosc.kubic.info\/index.php?rest_route=%2Fwp%2Fv2%2Fmedia&parent=7973"}],"wp:term":[{"taxonomy":"category","embeddable":true,"href":"http:\/\/niecodziennosc.kubic.info\/index.php?rest_route=%2Fwp%2Fv2%2Fcategories&post=7973"},{"taxonomy":"post_tag","embeddable":true,"href":"http:\/\/niecodziennosc.kubic.info\/index.php?rest_route=%2Fwp%2Fv2%2Ftags&post=7973"}],"curies":[{"name":"wp","href":"https:\/\/api.w.org\/{rel}","templated":true}]}}