{"id":7981,"date":"2011-02-22T00:24:13","date_gmt":"2011-02-21T23:24:13","guid":{"rendered":"http:\/\/niecodziennosc.kubic.info\/index.php\/2011\/02\/22\/beniamin-i-ja\/"},"modified":"2011-02-22T00:24:13","modified_gmt":"2011-02-21T23:24:13","slug":"beniamin-i-ja","status":"publish","type":"post","link":"http:\/\/niecodziennosc.kubic.info\/?p=7981","title":{"rendered":"Beniamin i ja"},"content":{"rendered":"<p><font size=\"2\">Beniamin spokojnie oddycha, \u015bpi\u0105c w swoim \u0142\u00f3\u017ceczku. Cieszy mnie to bardzo, poniewa\u017c dzi\u015b ja do tego doprowadzi\u0142em &#8211; poprzez k\u0105piel, ubieranie, usypianie&#8230; W sumie tego ostatniego nawet nie musia\u0142em robi\u0107. To dziecko z gatunku tych, co m\u00f3wi\u0105, \u017ce s\u0105 \u015bpi\u0105ce, po czym id\u0105 do \u0142\u00f3\u017ceczka, k\u0142ad\u0105 si\u0119, przewracaj\u0105 trzy razy z boku na bok i zasypiaj\u0105. <\/p>\n<p>Jeste\u015bmy tylko we dw\u00f3ch. Mieszkanie jest jeszcze bardziej tajemnicze ni\u017c gdybym by\u0142 sam, bo czuj\u0119 nie tylko za siebie, ale i za niego. A dla Beniamina mieszkanie bez mamy to jak d\u017cungla noc\u0105. Przynajmniej tak <span style=\"font-style: italic;\">mnie<\/span> si\u0119 wydaje, \u017ce <span style=\"font-style: italic;\">jemu<\/span> si\u0119 wydaje. Cho\u0107 by\u0107 mo\u017ce dramatyzuj\u0119, nawet je\u015bli mi si\u0119 wydaje, \u017ce nie dramatyzuj\u0119, w przeciwie\u0144stwie do babci (mojej mamy) ubolewaj\u0105cej, \u017ce Beniamin jest bez matki, jak r\u00f3wnie\u017c ci\u0105gle t\u0119skni\u0105cy za siostr\u0105. Te ubolewania wskazuj\u0105 Beniaminowi, o czym nie powinien zapomnie\u0107, (\u017ce jest bez matki) i za kim w \u017cadnym przypadku nie mo\u017ce przesta\u0107 t\u0119skni\u0107. Skoro wi\u0119c babcia ubolewa, a ja ubolewam nad ni\u0105, \u017ce nie widzi, jak ubolewa, mo\u017ce by\u0107 wi\u0119c r\u00f3wnie dobrze, \u017ce ja nie widz\u0119 mojego w\u0142asnego ubolewania, czyli dramatyzuj\u0119 r\u00f3wnie\u017c, s\u0105dz\u0105c, \u017ce nie dramatyzuj\u0119, a wr\u0119cz przeciwnie &#8211; \u017ce stoj\u0119 na stra\u017cy trze\u017awego os\u0105du. Tak wi\u0119c najprawdopodobniej ko\u0142o si\u0119 zamyka i ju\u017c sami nie wiemy, czy to Beniamin tak bardzo t\u0119skni, czy to my chcieliby\u015bmy go takim widzie\u0107. <\/p>\n<p>Jeden zabawny moment z k\u0105pieli. M\u00f3wi\u0119 do niego: zatkaj korkiem wann\u0119. On nic. Ja powtarzam. On pyta: co? Dziwi mnie to, bo zwykle tylko czeka, \u017ceby wcisn\u0105\u0107 korek w odp\u0142yw i pluska\u0107 si\u0119 w wodzie. Po chwili dopiero zdaj\u0119 sobie spraw\u0119, \u017ce to samo polecenie wydaje mu Ioana, ale&#8230; po rumu\u0144sku. M\u00f3wi\u0119 zatem: cu dopul. I&#8230; teraz tak! Reakcja natychmiastowa. Fantastyczne&#8230;!<br \/><\/font><\/p>\n","protected":false},"excerpt":{"rendered":"<p><font size=\"2\">Beniamin &#8230;<\/p>\n","protected":false},"author":1,"featured_media":0,"comment_status":"open","ping_status":"open","sticky":false,"template":"","format":"standard","meta":{"footnotes":""},"categories":[179],"tags":[373,872],"_links":{"self":[{"href":"http:\/\/niecodziennosc.kubic.info\/index.php?rest_route=\/wp\/v2\/posts\/7981"}],"collection":[{"href":"http:\/\/niecodziennosc.kubic.info\/index.php?rest_route=\/wp\/v2\/posts"}],"about":[{"href":"http:\/\/niecodziennosc.kubic.info\/index.php?rest_route=\/wp\/v2\/types\/post"}],"author":[{"embeddable":true,"href":"http:\/\/niecodziennosc.kubic.info\/index.php?rest_route=\/wp\/v2\/users\/1"}],"replies":[{"embeddable":true,"href":"http:\/\/niecodziennosc.kubic.info\/index.php?rest_route=%2Fwp%2Fv2%2Fcomments&post=7981"}],"version-history":[{"count":0,"href":"http:\/\/niecodziennosc.kubic.info\/index.php?rest_route=\/wp\/v2\/posts\/7981\/revisions"}],"wp:attachment":[{"href":"http:\/\/niecodziennosc.kubic.info\/index.php?rest_route=%2Fwp%2Fv2%2Fmedia&parent=7981"}],"wp:term":[{"taxonomy":"category","embeddable":true,"href":"http:\/\/niecodziennosc.kubic.info\/index.php?rest_route=%2Fwp%2Fv2%2Fcategories&post=7981"},{"taxonomy":"post_tag","embeddable":true,"href":"http:\/\/niecodziennosc.kubic.info\/index.php?rest_route=%2Fwp%2Fv2%2Ftags&post=7981"}],"curies":[{"name":"wp","href":"https:\/\/api.w.org\/{rel}","templated":true}]}}