{"id":7984,"date":"2011-02-19T10:59:29","date_gmt":"2011-02-19T09:59:29","guid":{"rendered":"http:\/\/niecodziennosc.kubic.info\/index.php\/2011\/02\/19\/pustka-w-pisaniu\/"},"modified":"2019-05-05T01:42:18","modified_gmt":"2019-05-04T23:42:18","slug":"pustka-w-pisaniu","status":"publish","type":"post","link":"http:\/\/niecodziennosc.kubic.info\/?p=7984","title":{"rendered":"Pustka w pisaniu"},"content":{"rendered":"<p><font size=\"2\">Nie jestem w stanie pisa\u0107. Pr\u00f3buj\u0119 w g\u0142owie kleci\u0107 jakie\u015b nowe wpisy, ale czuj\u0119, \u017ce to ju\u017c by\u0142o, \u017ce to nic nowego. Nie podobaj\u0105 mi si\u0119 r\u00f3wnie\u017c zdania, kt\u00f3re klec\u0119 w g\u0142owie &#8211; razi sam styl. <\/p>\n<p>Z refleksji, kt\u00f3re si\u0119 pojawiaj\u0105. Przegl\u0105dam w pami\u0119ci moje <span style=\"font-style: italic;\">znajomo\u015bci<\/span> w ci\u0105gu kilku ostatnich lat i stwierdzam, \u017ce zupe\u0142nie nie wiem, dlaczego jedne rozwijaj\u0105 si\u0119 dobrze, a inne \u017ale. <span style=\"font-style: italic;\">\u0179le<\/span> oznacza naprawd\u0119 \u017ale &#8211; \u017ce na przyk\u0142ad musia\u0142bym si\u0119 zmusza\u0107 do rozmowy. Awersja. Cho\u0107 takich przypadk\u00f3w mam naprawd\u0119 bardzo ma\u0142o. <\/p>\n<p>&quot;Nie wiem&quot; &#8211; to nie znaczy, \u017ce nie potrafi\u0119 wymieni\u0107 konkretnych powod\u00f3w, ale przecie\u017c zwykle by\u0142o tak, \u017ce jeden, dwa czy nawet kilka powod\u00f3w da si\u0119 wyja\u015bni\u0107, pomin\u0105\u0107, jako\u015b obej\u015b\u0107. &quot;Nie wiem&quot; &#8211; mo\u017ce chodzi o to, \u017ce przesta\u0142o mi na tym tak bardzo zale\u017ce\u0107 &#8211; na uk\u0142adaniu dobrych relacji z tymi, z kt\u00f3rymi po prostu jest mi trudniej u\u0142o\u017cy\u0107 dobre relacje. Dlaczego trudniej? Najpro\u015bciej, i nie obrzucaj\u0105c tu nikogo wym\u00f3wkami &#8211; z powodu <span style=\"font-style: italic;\">zbytnich r\u00f3\u017cnic w<\/span>&#8230; No w\u0142a\u015bnie. Powiedzmy: <span style=\"font-style: italic;\">r\u00f3\u017cnic mi\u0119dzy nami<\/span>. <\/p>\n<p>A zreszt\u0105&#8230; Dlaczego nie obrzuca\u0107 wym\u00f3wkami? Napiszmy wprost. Z powodu ludzkiej t\u0119poty, dostrzegaj\u0105cej tylko w\u0142asny punkt widzenia. Z powodu tego przekonania, \u017ce si\u0119 co\u015b wie o drugim cz\u0142owieku (cho\u0107by o mnie), ale ju\u017c braku tego marginesu b\u0142\u0119du, \u017ce to mo\u017ce by\u0107 wiedza powierzchowna i prymitywna. Ba, &quot;co\u015b si\u0119 wie&quot;, niekt\u00f3rzy uwa\u017caj\u0105, \u017ce s\u0105 tak \u015bwietnymi obserwatorami, \u017ce <span style=\"font-style: italic;\">popatrz\u0105 i ju\u017c wiedz\u0105<\/span>, kim jest kto\u015b, co nim powoduje, jak my\u015bli. <\/p>\n<p>Zwr\u00f3\u0107cie uwag\u0119. Je\u015bli komu\u015b na Was zale\u017cy &#8211; to czy umie Was s\u0142ucha\u0107. <\/p>\n<p>S\u0105 jeszcze inni ludzie, kt\u00f3rych lepiej nie by\u0107 &quot;przyjacielem&quot;. Zachowujesz dystans &#8211; \u017cyjesz w spokoju. Zbli\u017cysz si\u0119 &#8211; dostajesz &quot;w prezencie&quot; \u0142a\u0144cuszek spraw <span style=\"font-style: italic;\">do pomocy<\/span>. Ka\u017cda z nich wygl\u0105da pocz\u0105tkowo jak drobna przys\u0142uga zajmuj\u0105ca pi\u0119\u0107 minut, lecz zaraz urasta do skali prawie projektu europejskiego. &quot;Jeszcze chwil\u0119 zaczekaj, jeszcze m\u00f3g\u0142by\u015b to, a czy jeszcze tamto&quot;. Jeste\u015b przyjacielem dop\u00f3ki jeste\u015b u\u017cyteczny. <\/p>\n<p>A przecie\u017c przyja\u017a\u0144 to co\u015b zupe\u0142nie innego. To fantastyczna rzecz. Je\u015bli tylko&#8230; No w\u0142a\u015bnie, je\u015bli co&#8230; Mo\u017ce chodzi o, po prostu, wzajemne branie si\u0119 pod uwag\u0119. Spojrzenie na drugiego cz\u0142owieka, ale nie poprzez siebie. Wnikni\u0119cie w niego, ale z ca\u0142ymi jego delikatno\u015bciami i subtelno\u015bciami. Ale nie ka\u017cdy mo\u017ce wnikn\u0105\u0107, nie ka\u017cdego si\u0119 wpuszcza, bo ju\u017c na wst\u0119pie razi. Ale czy mo\u017cna spojrze\u0107 na kogo\u015b\u00a0 nie poprzez siebie? Zawsze patrz\u0119 tylko moimi oczami. Mo\u017ce wi\u0119c przyja\u017a\u0144 to rzecz, kt\u00f3ra si\u0119 zdarza albo nie. Bo mimo najlepszych ch\u0119ci, nie musi si\u0119 zdarzy\u0107&#8230; Mimo, \u017ce si\u0119 bronisz, to i tak si\u0119 zdarzy. No w\u0142a\u015bnie nie wiem. <br \/>Lecz je\u015bli ju\u017c si\u0119 zdarzy&#8230;<br \/><\/font><\/p>\n","protected":false},"excerpt":{"rendered":"<p><font size=\"2\">Nie &#8230;<\/p>\n","protected":false},"author":1,"featured_media":0,"comment_status":"open","ping_status":"open","sticky":false,"template":"","format":"standard","meta":{"footnotes":""},"categories":[50,909],"tags":[874,38],"_links":{"self":[{"href":"http:\/\/niecodziennosc.kubic.info\/index.php?rest_route=\/wp\/v2\/posts\/7984"}],"collection":[{"href":"http:\/\/niecodziennosc.kubic.info\/index.php?rest_route=\/wp\/v2\/posts"}],"about":[{"href":"http:\/\/niecodziennosc.kubic.info\/index.php?rest_route=\/wp\/v2\/types\/post"}],"author":[{"embeddable":true,"href":"http:\/\/niecodziennosc.kubic.info\/index.php?rest_route=\/wp\/v2\/users\/1"}],"replies":[{"embeddable":true,"href":"http:\/\/niecodziennosc.kubic.info\/index.php?rest_route=%2Fwp%2Fv2%2Fcomments&post=7984"}],"version-history":[{"count":1,"href":"http:\/\/niecodziennosc.kubic.info\/index.php?rest_route=\/wp\/v2\/posts\/7984\/revisions"}],"predecessor-version":[{"id":9093,"href":"http:\/\/niecodziennosc.kubic.info\/index.php?rest_route=\/wp\/v2\/posts\/7984\/revisions\/9093"}],"wp:attachment":[{"href":"http:\/\/niecodziennosc.kubic.info\/index.php?rest_route=%2Fwp%2Fv2%2Fmedia&parent=7984"}],"wp:term":[{"taxonomy":"category","embeddable":true,"href":"http:\/\/niecodziennosc.kubic.info\/index.php?rest_route=%2Fwp%2Fv2%2Fcategories&post=7984"},{"taxonomy":"post_tag","embeddable":true,"href":"http:\/\/niecodziennosc.kubic.info\/index.php?rest_route=%2Fwp%2Fv2%2Ftags&post=7984"}],"curies":[{"name":"wp","href":"https:\/\/api.w.org\/{rel}","templated":true}]}}