{"id":7986,"date":"2011-02-10T19:06:00","date_gmt":"2011-02-10T18:06:00","guid":{"rendered":"http:\/\/niecodziennosc.kubic.info\/index.php\/2011\/02\/10\/wybor\/"},"modified":"2011-02-10T19:06:00","modified_gmt":"2011-02-10T18:06:00","slug":"wybor","status":"publish","type":"post","link":"http:\/\/niecodziennosc.kubic.info\/?p=7986","title":{"rendered":"Wyb\u00f3r"},"content":{"rendered":"<p><font size=\"2\">My\u015blenie, wypowiadanie si\u0119 obrazami, wymaga uruchomienia innej cz\u0119\u015bci m\u00f3zgu i ta, kt\u00f3ra zajmuje si\u0119 pisaniem. W okresie, kiedy zaczynam co\u015b tam tworzy\u0107 z obraz\u00f3w, trudniej mi skleci\u0107 tekst, na przyk\u0142ad tu, do blogu. A poniewa\u017c rozpocz\u0105\u0142em codzienn\u0105 prac\u0119 nad zdj\u0119ciami, obrazy cz\u0119\u015bciej wype\u0142niaj\u0105 moj\u0105 wyobra\u017ani\u0119, i zdaje si\u0119, \u017ce traci na tym s\u0142owo. Czytam wpis <span style=\"font-style: italic;\">Halny<\/span> i nie jestem zadowolony. Szkielet tekstu, pomys\u0142, nie jest z\u0142y, ale brak konsekwencji w formie, r\u00f3wnie\u017c w rytmie; malowane s\u0142owami obrazy s\u0105 nie do ko\u0144ca jak bym chcia\u0142. Zbyt ma\u0142e jest te\u017c uog\u00f3lnienie, poszerzenie spojrzenia, ma\u0142o uniwersalizmu; zamiast pisa\u0107 o &quot;moim braku elegancji i determinacji&quot; by\u0142oby fajniej odnie\u015b\u0107 si\u0119 do podobnych cech w Was, czytelnikach, co oczywi\u015bcie mo\u017cna zrobi\u0107 poprzez <span style=\"font-style: italic;\">siebie<\/span>, ale jako\u015b chyba nie tak. W ko\u0144cu te\u017c nie wiadomo &#8211; czy jest to impresja czy narzekanie na siebie. <\/p>\n<p><img decoding=\"async\" border=\"0\" alt=\"\" src=\"wp-content\/uploads\/2019\/03\/garaz_MG_3061.jpg\" \/><\/p>\n<p>My\u015bl\u0119 jak podsumowa\u0107 Wasze komentarze pod zdj\u0119ciami z <a href=\"http:\/\/patrz.kubic.info\/index.php\/2011\/02\/jezyk-fotografii\/\">patrz.kubic.info<\/a>. W wypowiadaniu si\u0119 obrazami mam problem jednoznaczno\u015bci przekazu. Obrazem trzeba pos\u0142ugiwa\u0107 si\u0119 tak, aby przekaza\u0107 to, co si\u0119 chce, a jak na razie &#8211; \u0142atwiej jest mi s\u0142owami. Wieloznaczno\u015b\u0107 obrazu oraz do\u015b\u0107 niewielkie, jak mi si\u0119 zdaje, do\u015bwiadczenie og\u00f3\u0142u ludzi w ich odczytywaniu, zw\u0142aszcza sekwencji zdj\u0119\u0107, jest trudno\u015bci\u0105. Trzeba bardziej &quot;kawa na \u0142aw\u0119&quot;, ale wtedy tym trudniej uciec od bana\u0142u&#8230; Kiedy zaj\u0105\u0142em si\u0119 fotografowaniem nie zdawa\u0142em sobie sprawy, \u017ce w tym medium to rzeczywi\u015bcie trudne &#8211; wyrazi\u0107 siebie&#8230;<br \/><\/font><\/p>\n","protected":false},"excerpt":{"rendered":"<p><font size=\"2\">My\u015blenie,&#8230;<\/p>\n","protected":false},"author":1,"featured_media":0,"comment_status":"open","ping_status":"open","sticky":false,"template":"","format":"standard","meta":{"footnotes":""},"categories":[35],"tags":[867,877,755,70],"_links":{"self":[{"href":"http:\/\/niecodziennosc.kubic.info\/index.php?rest_route=\/wp\/v2\/posts\/7986"}],"collection":[{"href":"http:\/\/niecodziennosc.kubic.info\/index.php?rest_route=\/wp\/v2\/posts"}],"about":[{"href":"http:\/\/niecodziennosc.kubic.info\/index.php?rest_route=\/wp\/v2\/types\/post"}],"author":[{"embeddable":true,"href":"http:\/\/niecodziennosc.kubic.info\/index.php?rest_route=\/wp\/v2\/users\/1"}],"replies":[{"embeddable":true,"href":"http:\/\/niecodziennosc.kubic.info\/index.php?rest_route=%2Fwp%2Fv2%2Fcomments&post=7986"}],"version-history":[{"count":0,"href":"http:\/\/niecodziennosc.kubic.info\/index.php?rest_route=\/wp\/v2\/posts\/7986\/revisions"}],"wp:attachment":[{"href":"http:\/\/niecodziennosc.kubic.info\/index.php?rest_route=%2Fwp%2Fv2%2Fmedia&parent=7986"}],"wp:term":[{"taxonomy":"category","embeddable":true,"href":"http:\/\/niecodziennosc.kubic.info\/index.php?rest_route=%2Fwp%2Fv2%2Fcategories&post=7986"},{"taxonomy":"post_tag","embeddable":true,"href":"http:\/\/niecodziennosc.kubic.info\/index.php?rest_route=%2Fwp%2Fv2%2Ftags&post=7986"}],"curies":[{"name":"wp","href":"https:\/\/api.w.org\/{rel}","templated":true}]}}