{"id":7992,"date":"2011-01-30T03:59:32","date_gmt":"2011-01-30T02:59:32","guid":{"rendered":"http:\/\/niecodziennosc.kubic.info\/index.php\/2011\/01\/30\/zycie-z-cukrzykiem\/"},"modified":"2011-01-30T03:59:32","modified_gmt":"2011-01-30T02:59:32","slug":"zycie-z-cukrzykiem","status":"publish","type":"post","link":"http:\/\/niecodziennosc.kubic.info\/?p=7992","title":{"rendered":"\u017bycie z cukrzykiem"},"content":{"rendered":"<p><font size=\"2\">Obraz ni to ze snu, ni z jawy. Po prostu &#8211; ciemno\u015b\u0107. To noc, z pewno\u015bci\u0105. Bo budzisz si\u0119 wolno, wychodzisz jak z rozszerzaj\u0105cego si\u0119 niepostrze\u017cenie tunelu. W zasadzie ju\u017c nie \u015bpisz. Chyba nie \u015bpisz. Trwasz w zawieszeniu, w p\u00f3\u0142\u015bnie&#8230; Pojawia si\u0119 tylko niepokoj\u0105ce pytanie &#8211; dlaczego. Nie czujesz \u017cadnego powodu, to nie z\u0142y sen, nie potrzeba przywo\u0142uje ci\u0119 do \u015bwiadomo\u015bci. Czy warto zwlec si\u0119 po glukometr, kt\u00f3ry zosta\u0142 na parapecie w kuchni&#8230;<\/p>\n<p>Nie trzeba, bo wewn\u0105trz, pod mostkiem, pojawia si\u0119 jak ma\u0142a kulka kuleczka &#8211; drobne \u0107mienie, kt\u00f3ra ro\u015bnie, rozdziera szerzej; ju\u017c j\u0105 znasz, to dr\u017cenie, niepok\u00f3j, strach. Tu\u017c ponad g\u0142ow\u0105 zawini\u0119te w papierki&#8230; Odwijasz jeden, drugi, trzeci. Poch\u0142aniasz. Ona ro\u015bnie, tym bardziej, na przek\u00f3r. Nie wolno ci zamkn\u0105\u0107 oczu, bo wraz z tym pojawi\u0105 si\u0119 nagle jakie\u015b obrazy, ludzie, miejsca, a wraz z nimi &#8211; wstrz\u0105s&#8230; Nie mo\u017cesz zamkn\u0105\u0107 oczu, gdyby\u015b m\u00f3g\u0142 podeprze\u0107 powieki, przytrzyma\u0107 palcami; patrze\u0107, patrze\u0107! Nie dopu\u015bci\u0107 tego, co tam, pod powiekami, opanowa\u0107 dr\u017cenie r\u00f3wnym oddechem, bezmys\u0142em. Wytrzyma\u0107 minut\u0119, dwie. Czeka\u0107 na zbawcze ciep\u0142o, sk\u0105d si\u0119 pojawi i wyp\u0142ynie? Mo\u017ce od st\u00f3p, mo\u017ce zn\u00f3w w piersi. Nie dziwi ci\u0119 nocny go\u015b\u0107, i ta walka, od dziesi\u0119ciu lat jeste\u015b cukrzykiem. <br \/><\/font><\/p>\n","protected":false},"excerpt":{"rendered":"<p><font size=\"2\">Obraz ni &#8230;<\/p>\n","protected":false},"author":1,"featured_media":0,"comment_status":"open","ping_status":"open","sticky":false,"template":"","format":"standard","meta":{"footnotes":""},"categories":[97],"tags":[],"_links":{"self":[{"href":"http:\/\/niecodziennosc.kubic.info\/index.php?rest_route=\/wp\/v2\/posts\/7992"}],"collection":[{"href":"http:\/\/niecodziennosc.kubic.info\/index.php?rest_route=\/wp\/v2\/posts"}],"about":[{"href":"http:\/\/niecodziennosc.kubic.info\/index.php?rest_route=\/wp\/v2\/types\/post"}],"author":[{"embeddable":true,"href":"http:\/\/niecodziennosc.kubic.info\/index.php?rest_route=\/wp\/v2\/users\/1"}],"replies":[{"embeddable":true,"href":"http:\/\/niecodziennosc.kubic.info\/index.php?rest_route=%2Fwp%2Fv2%2Fcomments&post=7992"}],"version-history":[{"count":0,"href":"http:\/\/niecodziennosc.kubic.info\/index.php?rest_route=\/wp\/v2\/posts\/7992\/revisions"}],"wp:attachment":[{"href":"http:\/\/niecodziennosc.kubic.info\/index.php?rest_route=%2Fwp%2Fv2%2Fmedia&parent=7992"}],"wp:term":[{"taxonomy":"category","embeddable":true,"href":"http:\/\/niecodziennosc.kubic.info\/index.php?rest_route=%2Fwp%2Fv2%2Fcategories&post=7992"},{"taxonomy":"post_tag","embeddable":true,"href":"http:\/\/niecodziennosc.kubic.info\/index.php?rest_route=%2Fwp%2Fv2%2Ftags&post=7992"}],"curies":[{"name":"wp","href":"https:\/\/api.w.org\/{rel}","templated":true}]}}