{"id":7999,"date":"2011-01-16T03:02:35","date_gmt":"2011-01-16T02:02:35","guid":{"rendered":"http:\/\/niecodziennosc.kubic.info\/index.php\/2011\/01\/16\/sentymentalna-kielbasa\/"},"modified":"2011-01-16T03:02:35","modified_gmt":"2011-01-16T02:02:35","slug":"sentymentalna-kielbasa","status":"publish","type":"post","link":"http:\/\/niecodziennosc.kubic.info\/?p=7999","title":{"rendered":"Sentymentalna kie\u0142basa"},"content":{"rendered":"<p><font size=\"2\">W mojej izolatce uchyli\u0142em okno, w ciemno\u015b\u0107. Ju\u017c w po\u0142udnie poczu\u0142em zapach topniej\u0105cego \u015bniegu. Chmury p\u0119dzi\u0142y daleko za oknem, szale\u0144czo, poskr\u0119cane, tam gdzie ko\u0144czy si\u0119 kalenica naszej starej stodo\u0142y a zaczyna dach s\u0105siada. Ten zapach przywo\u0142uje uporczywie co\u015b, czego nie mog\u0119 wydoby\u0107 dok\u0142adnie z zielonkawej toni pami\u0119ci. Lecz widocznie nie potrzebuje by\u0107 wyraziste, by pu\u015bci\u0107 w ruch machin\u0119 sentymentu. Podnieca chwilowo, pogr\u0105\u017ca zaraz potem. <\/p>\n<p>Mo\u017ce to wspomnienie przedwio\u015bnia z sanatorium? Mia\u0142em jedena\u015bcie lat. Bezlistne, martwe konary drzew, skraj strumienia przep\u0142ywaj\u0105cego z ty\u0142u wiejskich domostw, kt\u00f3r\u0119dy prowadzi\u0142a \u015bcie\u017cka jak\u0105 szli\u015bmy na spacerach. Czy mo\u017ce raczej Krak\u00f3w i samotne w\u0142\u00f3czenie si\u0119 op\u0142otkami, noc\u0105, w desperackiej ucieczce od powinno\u015bci dnia. Mo\u017ce wieczorny powr\u00f3t z nart &#8211; na nizinach pozostawa\u0142o niewiele \u015bniegu. <\/p>\n<p>Niewiele \u015bniegu na naszym podw\u00f3rku. Mam widok jak z wie\u017cy kontrolnej, z pierwszego pi\u0119tra. Pogasi\u0142em \u015bwiat\u0142a, by dostrzec chwiej\u0105ce si\u0119 konary nad stodo\u0142\u0105 (by\u0142\u0105 stodo\u0142\u0105), i gdzie\u015b tam coraz dalej drzewa ogrodu. <\/p>\n<p>Ogrodu&#8230; \u015aliwa, jab\u0142o\u0144 lub czere\u015bnia (czy wi\u015bnia?) &#8211; tylko takie drewno nadaje si\u0119 do w\u0119dzenia kie\u0142basy. Wiem, bo ojciec (powinienem napisa\u0107 &#8211; tata, ale to stawia mnie w pozycji synka) niedawno sporz\u0105dzi\u0142 piec, ustawiony teraz tu\u017c za furtk\u0105 (widz\u0119 j\u0105 st\u0105d, z mojej wie\u017cy). I po inauguracji przy pomocy szynki, przedwczoraj wyrychtowa\u0142 kie\u0142bas\u0119. Sam. Zreszt\u0105 tak, jak trzydzie\u015bci lat temu, gdy hodowali\u015bmy te kwicz\u0105ce, nieczyste stworzenia, kt\u00f3re ju\u017c martwe wieszano po kryjomu w gara\u017cu (nielegalnie), a w\u0119dzarnia by\u0142a u wujka za p\u0142otem. Mo\u017ce wi\u0119c ten sentyment to stamt\u0105d? Cz\u0142api\u0105c w dzieci\u0119cych bucikach szed\u0142em za ojcem (tat\u0105) sprawdzi\u0107, jak si\u0119 w\u0119dzi. <\/p>\n<p>Dziwne, \u017ce w og\u00f3le czuj\u0119 jaki\u015b zapach, przecie\u017c mam katar. Lecz kie\u0142basa (delikatna, dzie\u0142o wr\u0119cz) pachnie. Pachnie u nas na stole, pachnie w ca\u0142ym domu &#8211; naszym drewnem. I wtedy dociera do mnie, \u017ce nie mam poj\u0119cia o kie\u0142basie, a ju\u017c na pewno o tym, jakie drewno do niej&#8230; <br \/><\/font><\/p>\n","protected":false},"excerpt":{"rendered":"<p><font size=\"2\">W mojej &#8230;<\/p>\n","protected":false},"author":1,"featured_media":0,"comment_status":"open","ping_status":"open","sticky":false,"template":"","format":"standard","meta":{"footnotes":""},"categories":[27],"tags":[638,870,269,635],"_links":{"self":[{"href":"http:\/\/niecodziennosc.kubic.info\/index.php?rest_route=\/wp\/v2\/posts\/7999"}],"collection":[{"href":"http:\/\/niecodziennosc.kubic.info\/index.php?rest_route=\/wp\/v2\/posts"}],"about":[{"href":"http:\/\/niecodziennosc.kubic.info\/index.php?rest_route=\/wp\/v2\/types\/post"}],"author":[{"embeddable":true,"href":"http:\/\/niecodziennosc.kubic.info\/index.php?rest_route=\/wp\/v2\/users\/1"}],"replies":[{"embeddable":true,"href":"http:\/\/niecodziennosc.kubic.info\/index.php?rest_route=%2Fwp%2Fv2%2Fcomments&post=7999"}],"version-history":[{"count":0,"href":"http:\/\/niecodziennosc.kubic.info\/index.php?rest_route=\/wp\/v2\/posts\/7999\/revisions"}],"wp:attachment":[{"href":"http:\/\/niecodziennosc.kubic.info\/index.php?rest_route=%2Fwp%2Fv2%2Fmedia&parent=7999"}],"wp:term":[{"taxonomy":"category","embeddable":true,"href":"http:\/\/niecodziennosc.kubic.info\/index.php?rest_route=%2Fwp%2Fv2%2Fcategories&post=7999"},{"taxonomy":"post_tag","embeddable":true,"href":"http:\/\/niecodziennosc.kubic.info\/index.php?rest_route=%2Fwp%2Fv2%2Ftags&post=7999"}],"curies":[{"name":"wp","href":"https:\/\/api.w.org\/{rel}","templated":true}]}}