{"id":8002,"date":"2011-01-10T18:42:25","date_gmt":"2011-01-10T17:42:25","guid":{"rendered":"http:\/\/niecodziennosc.kubic.info\/index.php\/2011\/01\/10\/podpisuje-tez-czasem\/"},"modified":"2011-01-10T18:42:25","modified_gmt":"2011-01-10T17:42:25","slug":"podpisuje-tez-czasem","status":"publish","type":"post","link":"http:\/\/niecodziennosc.kubic.info\/?p=8002","title":{"rendered":"Podpisuj\u0119 te\u017c czasem"},"content":{"rendered":"<p><font size=\"2\">&#8211; Chod\u017a, podpisz tutaj. <br \/>To zdanie nie zdziwi\u0142o mnie, jestem wszak w sekretariacie, a przecie\u017c w tutaj, jak i w okalaj\u0105cych pokojach, to, co g\u0142\u00f3wnie robi\u0119, kiedy ju\u017c tu jestem, to w\u0142a\u015bnie podpisuj\u0119. Dokumenty. <\/p>\n<p>Podpisa\u0107 to bra\u0107 na siebie odpowiedzialno\u015b\u0107, kt\u00f3rej s\u0105d ostateczny jest jednak od\u0142o\u017cony w czasie. Po cichu jednak my wszyscy, kt\u00f3rzy <span style=\"font-style: italic;\">podpisujemy<\/span>, liczymy na to, \u017ce \u00f3w s\u0105d nigdy nie nadejdzie. To oczywi\u015bcie naiwno\u015b\u0107 tzw. typowa, pospolita, dotkni\u0119tych jest ni\u0105 99% spo\u0142ecze\u0144stwa. Ale z drugiej strony, gdyby\u015bmy a\u017c tak bardzo si\u0119 przejmowali, to niczego by\u015bmy nie podpisali, a wtedy by\u0142oby, oj by\u0142oby!\u00a0 Nikt z nas, <span style=\"font-style: italic;\">podpisowicz\u00f3w<\/span>, tak naprawd\u0119 nie liczy swoich podpis\u00f3w, dlatego te\u017c trudno stwierdzi\u0107, w jakim procencie b\u0119dziemy cierpie\u0107 m\u0119ki. I czy w gr\u0119 wchodz\u0105 ewentualne przedawnienia, lub co gorsza, scedowanie na potomk\u00f3w rodzinnych. <\/p>\n<p>Podpisywa\u0107 przychodzi ci\u0119\u017cko, gdy sk\u0142adany w\u0142a\u015bnie bazgro\u0142 jest osamotniony, za\u015b du\u017co l\u017cej, gdy dziewicz\u0105 niegdy\u015b kartk\u0119 na tyle upstrzono innymi bzgro\u0142ami, \u017ce a\u017c trudno znale\u017a\u0107 miejsce. Do dobrego tonu nale\u017cy jednak spojrze\u0107 na dokument, kt\u00f3ry si\u0119 podpisuje, lecz nie za d\u0142ugo, akurat tyle, \u017ceby odczyta\u0107 nag\u0142\u00f3wek i \u015blizgn\u0105\u0107 si\u0119 po tre\u015bci, czy aby przypadkiem nie zrzekamy si\u0119 naszego jedynego mieszkania, samochodu lub psa. Pozosta\u0142e kwestie nie maj\u0105 w praktyce wi\u0119kszego znaczenia. <\/p>\n<p>Tym razem &#8211; mia\u0142em si\u0119 podpisa\u0107 w rubryce podzielonej poziomymi liniami. Opr\u00f3cz mojego tkwi\u0142o ju\u017c tam kilka bazgro\u0142\u00f3w, lecz pozosta\u0142o jeszcze sporo miejsca. Po podpisaniu, m\u00f3j wzrok spokojnie lecz stanowczo skierowano na ma\u0142y stosik ksi\u0105\u017ceczek. Tym razem wi\u0119c nie s\u0105 to instrukcje BHP ani zawiadomienia o kolejnym spisie <span style=\"font-style: italic;\">z natury<\/span>, lecz&#8230; literatura! <\/p>\n<p>Etyka. \u017beby pokry\u0107 zdziwienie i wynikaj\u0105ce z niego zmieszanie, z\u0142apa\u0142em za obwolut\u0119\u00a0 i przyci\u0105gaj\u0105c do oczu zapyta\u0142em:<br \/>&#8211; Czyja? A! Stanis\u0142awski! <br \/>I to, zdaje si\u0119, <span style=\"font-weight: bold;\">ten<\/span> Stanis\u0142awski! Ciekawe, \u017ce pierwsze skojarzenie, jakie mi si\u0119 nasun\u0119\u0142o (jestem cz\u0142owiekiem upad\u0142ym), to potrzeba up\u0142ynnienia zbyt du\u017cego nak\u0142adu, jakie to metody pami\u0119tam sprzed prawie trzydziestu lat, z <span style=\"font-style: italic;\">tamtego<\/span> okresu. Ale to tylko takie lu\u017ane skojarzenia. <\/p>\n<p>Ksi\u0105\u017ceczka przele\u017ca\u0142a na stoliku kilka dni. Czas na czytanie mam raczej tylko w trakcie obiadu, jednakowo\u017c dzisiaj nadarzy\u0142a si\u0119 okazja. Po nastawieniu kuchenki mikrofalowej na dwie i p\u00f3\u0142 minuty, mam czas, \u017ceby zerkn\u0105\u0107.<\/p>\n<p><\/font><\/p>\n<div style=\"margin-left: 40px;\"><font size=\"2\" style=\"font-style: italic;\">Przedmowa<\/font><br style=\"font-style: italic;\" \/><br style=\"font-style: italic;\" \/><font size=\"2\" style=\"font-style: italic;\">Etyka Stanis\u0142awskiego nie jet ani etyk\u0105 og\u00f3ln\u0105, opart\u0105 na uniwersalnych teoriach etycznych, ani systematyczn\u0105 etyk\u0105 szczeg\u00f3\u0142ow\u0105, formu\u0142uj\u0105c\u0105 konkretne zasady kodeksowego post\u0119powania. <\/font><\/p>\n<\/div>\n<p><font size=\"2\">Koniec tego zdania rozmy\u0142 mi si\u0119 przed oczami. Us\u0142ysza\u0142em czyj\u015b \u015bmiech, w zasadzie &#8211; wybuch \u015bmiechu, jak zza \u015bciany, a \u015bcianki u nas niekt\u00f3re z regipsu, wi\u0119c mo\u017cliwe, \u017ce to gdzie\u015b dalej, niekoniecznie obok. \u015amiech zwalnia\u0142 w swojej czkawce, wreszcie przerwa\u0142, ale tylko po to, aby pad\u0142y s\u0142owa &quot;panie dyrektorze, komu pan to kupi\u0142?&quot;. I zn\u00f3w \u015bmiech. Pozna\u0142em, to by\u0142 jednak m\u00f3j g\u0142os. Milcz kpiarzu!!<\/p>\n<p>Zacz\u0105\u0142em si\u0119 zastanawia\u0107, kto przejdzie w lekturze poza to pierwsze zdanie. <span style=\"font-style: italic;\">Zesp\u00f3\u0142 techniczny<\/span>? Czyli<span style=\"font-style: italic;\"> Brygadier sceny<\/span>, <span style=\"font-style: italic;\">o\u015bwietlacz<\/span>, czy mo\u017ce <span style=\"font-style: italic;\">rzemie\u015blnik teatralny-akustyk<\/span>? Dla kogo to&#8230; Mo\u017ce dla <span style=\"font-style: italic;\">administracji<\/span>, ale na pokusy nara\u017cony jest jednak przede wszystkim <span style=\"font-style: italic;\">marketing<\/span>&#8230; Czy jednak <span style=\"font-style: italic;\">ksi\u0119gowo\u015b\u0107<\/span>&#8230;? Mo\u017ce wi\u0119c zesp\u00f3\u0142 ak&#8230;. Nie nie, o tym nawet nie \u015bmiem pomy\u015ble\u0107.<\/p>\n<p>Mam nadziej\u0119 jednak, \u017ce \u00f3w \u015bmiech b\u0119dzie wybaczony. Przecie\u017c teatr to jedna wielka sala pr\u00f3b, teatr ci\u0105gle trwa, musi \u017cy\u0107 swoim \u017cyciem, bez przerwy, bez wytchnienia &#8211; nie mo\u017cemy wypa\u015b\u0107 z roli. Pami\u0119tam, jak z przyjaci\u00f3\u0142mi dawno temu przygotowywali\u015bmy kabaret. Intryguj\u0105co by\u0142o podczas tworzenia, a potem, na scenie &#8211; to ju\u017c jaki\u015b efekt, ma\u0142y, i mo\u017ce wcale nie najciekawszy \ud83d\ude09<br \/><\/font><font size=\"2\"><\/font><\/p>\n","protected":false},"excerpt":{"rendered":"<p><font size=\"2\">&#8211; Chod\u017a, &#8230;<\/p>\n","protected":false},"author":1,"featured_media":0,"comment_status":"open","ping_status":"open","sticky":false,"template":"","format":"standard","meta":{"footnotes":""},"categories":[57],"tags":[34,880,70],"_links":{"self":[{"href":"http:\/\/niecodziennosc.kubic.info\/index.php?rest_route=\/wp\/v2\/posts\/8002"}],"collection":[{"href":"http:\/\/niecodziennosc.kubic.info\/index.php?rest_route=\/wp\/v2\/posts"}],"about":[{"href":"http:\/\/niecodziennosc.kubic.info\/index.php?rest_route=\/wp\/v2\/types\/post"}],"author":[{"embeddable":true,"href":"http:\/\/niecodziennosc.kubic.info\/index.php?rest_route=\/wp\/v2\/users\/1"}],"replies":[{"embeddable":true,"href":"http:\/\/niecodziennosc.kubic.info\/index.php?rest_route=%2Fwp%2Fv2%2Fcomments&post=8002"}],"version-history":[{"count":0,"href":"http:\/\/niecodziennosc.kubic.info\/index.php?rest_route=\/wp\/v2\/posts\/8002\/revisions"}],"wp:attachment":[{"href":"http:\/\/niecodziennosc.kubic.info\/index.php?rest_route=%2Fwp%2Fv2%2Fmedia&parent=8002"}],"wp:term":[{"taxonomy":"category","embeddable":true,"href":"http:\/\/niecodziennosc.kubic.info\/index.php?rest_route=%2Fwp%2Fv2%2Fcategories&post=8002"},{"taxonomy":"post_tag","embeddable":true,"href":"http:\/\/niecodziennosc.kubic.info\/index.php?rest_route=%2Fwp%2Fv2%2Ftags&post=8002"}],"curies":[{"name":"wp","href":"https:\/\/api.w.org\/{rel}","templated":true}]}}