{"id":8013,"date":"2010-12-14T22:22:04","date_gmt":"2010-12-14T21:22:04","guid":{"rendered":"http:\/\/niecodziennosc.kubic.info\/index.php\/2010\/12\/14\/skrot-dnia-znow-o-zdrowiu\/"},"modified":"2010-12-14T22:22:04","modified_gmt":"2010-12-14T21:22:04","slug":"skrot-dnia-znow-o-zdrowiu","status":"publish","type":"post","link":"http:\/\/niecodziennosc.kubic.info\/?p=8013","title":{"rendered":"Skr\u00f3t dnia, zn\u00f3w o zdrowiu"},"content":{"rendered":"<p><font size=\"2\">Dzisiejszy dzie\u0144 sp\u0119dzony w ambulatorium (o pi\u0105tej nad ranem), na klinice, w szpitalu dzieci\u0119cym. Nie, nic powa\u017cnego, jak na razie. Takie na przyk\u0142ad do\u015bwiadczenie, gdy na wyci\u0119cie trzeciego migda\u0142ka, w ramach NFZ, przyjmuj\u0105 na terminy w 2012 roku. No, je\u015bli na skierowaniu jest &quot;pilne&quot;, to termin skraca si\u0119 do 8-10 miesi\u0119cy (czyli 2011 rok gdzie\u015b po wakacjach). Lecz przecie\u017c to jeden z najlepszych szpitali dzieci\u0119cych na po\u0142udniu Polski, wi\u0119c z pewno\u015bci\u0105 czekaj\u0105 pacjenci z o wiele powa\u017cniejszymi problemami. Lecz! (to ju\u017c drugie &quot;lecz&quot; w tym samym akapicie) nale\u017cy po prostu napomkn\u0105\u0107, \u017ce by\u0107 mo\u017ce sta\u0107 nas na ul\u017cenie dziecku w kr\u00f3tszym terminie, a ju\u017c wraca si\u0119 z powrotem do drzwi, za kt\u00f3rymi pad\u0142 tamte s\u0142owa, a teraz &#8211; czeka ju\u017c wizyt\u00f3wka prywatnego gabinetu ordynatora oddzia\u0142u. Mam j\u0105 tutaj, w foliowym etui, razem ze skierowaniem (chyba ju\u017c niepotrzebnym) i ksi\u0105\u017ceczk\u0105 ubezpieczeniow\u0105 cz\u0142onk\u00f3w rodziny (r\u00f3wnie\u017c). Nie! To si\u0119 jeszcze mo\u017ce przyda\u0107, bo czasem mo\u017cna wynagrodzi\u0107 jedynie dwie, trzy pierwsze wizyty, a nie sam zabieg, i wcale nie za osiem miesi\u0119cy. Ale&#8230; to wszystko plotki&#8230;<\/p>\n<p>Uwaga, to nie jest sarkazm, ani krytyka np. lekarzy. Naprawd\u0119. Raczej mi\u0142e zaskoczenie, jak prosto za\u0142atwia si\u0119 rzeczy. Postawa <span style=\"font-style: italic;\">nie dziwienia si\u0119 niczemu<\/span>, pami\u0119tam, widzia\u0142em j\u0105 po raz pierwszy u moich przyjaci\u00f3\u0142, dwa i trzy razy starszych ode mnie, gdy jako dziewi\u0119tnastolatek s\u0142u\u017cy\u0142em jako kierowca w podr\u00f3\u017cy na Ukrain\u0119. Podziwia\u0142em ich, chcia\u0142em aspirowa\u0107&#8230; <\/p>\n<p>Dobrej nocy!<br \/><\/font><\/p>\n","protected":false},"excerpt":{"rendered":"<p><font ...\n<\/p>\n","protected":false},"author":1,"featured_media":0,"comment_status":"open","ping_status":"open","sticky":false,"template":"","format":"standard","meta":{"footnotes":""},"categories":[24],"tags":[34,373,870,675],"_links":{"self":[{"href":"http:\/\/niecodziennosc.kubic.info\/index.php?rest_route=\/wp\/v2\/posts\/8013"}],"collection":[{"href":"http:\/\/niecodziennosc.kubic.info\/index.php?rest_route=\/wp\/v2\/posts"}],"about":[{"href":"http:\/\/niecodziennosc.kubic.info\/index.php?rest_route=\/wp\/v2\/types\/post"}],"author":[{"embeddable":true,"href":"http:\/\/niecodziennosc.kubic.info\/index.php?rest_route=\/wp\/v2\/users\/1"}],"replies":[{"embeddable":true,"href":"http:\/\/niecodziennosc.kubic.info\/index.php?rest_route=%2Fwp%2Fv2%2Fcomments&post=8013"}],"version-history":[{"count":0,"href":"http:\/\/niecodziennosc.kubic.info\/index.php?rest_route=\/wp\/v2\/posts\/8013\/revisions"}],"wp:attachment":[{"href":"http:\/\/niecodziennosc.kubic.info\/index.php?rest_route=%2Fwp%2Fv2%2Fmedia&parent=8013"}],"wp:term":[{"taxonomy":"category","embeddable":true,"href":"http:\/\/niecodziennosc.kubic.info\/index.php?rest_route=%2Fwp%2Fv2%2Fcategories&post=8013"},{"taxonomy":"post_tag","embeddable":true,"href":"http:\/\/niecodziennosc.kubic.info\/index.php?rest_route=%2Fwp%2Fv2%2Ftags&post=8013"}],"curies":[{"name":"wp","href":"https:\/\/api.w.org\/{rel}","templated":true}]}}