{"id":8018,"date":"2010-12-01T11:09:34","date_gmt":"2010-12-01T10:09:34","guid":{"rendered":"http:\/\/niecodziennosc.kubic.info\/index.php\/2010\/12\/01\/zmiana-obsady-ze-sciereczkami\/"},"modified":"2010-12-01T11:09:34","modified_gmt":"2010-12-01T10:09:34","slug":"zmiana-obsady-ze-sciereczkami","status":"publish","type":"post","link":"http:\/\/niecodziennosc.kubic.info\/?p=8018","title":{"rendered":"Zmiana obsady ze \u015bciereczkami"},"content":{"rendered":"<p><font size=\"2\">Kiedy rok temu przetarg na sprz\u0105tanie naszego <span style=\"font-style: italic;\">zak\u0142adu<\/span> wygra\u0142a kolejna firma, oferuj\u0105ca <span style=\"font-style: italic;\">jeszcze ni\u017csze koszty,<\/span> my, stali pracownicy, kr\u0119cili\u015bmy z niedowierzaniem g\u0142ow\u0105. W tym roku ta sama firma zaoferowa\u0142a jeszcze ni\u017csz\u0105 cen\u0119, pomimo zauwa\u017calnej inflacji, lecz i tak przegra\u0142a, bo kto\u015b inny zaoferowa\u0142 jeszcze-jeszcze ni\u017csz\u0105 cen\u0119. Aby unikn\u0105\u0107 zmian obsady na prze\u0142omie grudnia i stycznia, co rok temu zalaz\u0142o wszystkim porz\u0105dnie za sk\u00f3r\u0119 (Sylwester, Nowy Rok, d\u0142ugie weekendy i tak dalej) (a jak wiadomo, czysto\u015b\u0107 dla nas to nie tylko kwestia zakurzonych dywanik\u00f3w pod biurkami, ale sprawa zasadnicza &#8211; wizerunku wobec przychodz\u0105cych do nas go\u015bci), tak wi\u0119c tym razem zmiana pa\u0142eczki (dok\u0142adniej &#8211; \u015bciereczki) nast\u0105pi\u0142a z listopada na grudzie\u0144. Czyli od dzi\u015b &#8211; mamy <span style=\"font-style: italic;\">now\u0105 obsad\u0119 <\/span>r\u00f3l ze \u015bciereczkami, czemu, w sumie, nie dziwimy si\u0119 a\u017c tak bardzo, bo przecie\u017c w jakiej bran\u017cy jak nie w tej zwyk\u0142o si\u0119 m\u00f3wi\u0107, a jeszcze cz\u0119\u015bciej &#8211; s\u0142ysze\u0107: pani (panu) ju\u017c dzi\u0119kujemy. <\/p>\n<p>Wczoraj ze wzruszeniem po\u017cegnali\u015bmy poprzednie, a dzisiaj witamy <span style=\"font-style: italic;\">nowe kreacje<\/span>. Kompletnie nie\u015bwiadome ani <span style=\"font-style: italic;\">scenografii<\/span>, ani <span style=\"font-style: italic;\">re\u017cyserii<\/span>, nawet <span style=\"font-style: italic;\">scenariusza<\/span>&#8230; Re\u017cyser zreszt\u0105 te\u017c b\u0119dzie si\u0119 dopiero uczy\u0142. Bo tutaj to nie osiem czy dziesi\u0119\u0107 godzin, po kt\u00f3rych <span style=\"font-style: italic;\">obsada<\/span> idzie do domu. Tu ka\u017cdy <span style=\"font-style: italic;\">show<\/span> rz\u0105dzi si\u0119 innymi prawami &#8211; czasu, przestrzeni, os\u00f3b, zale\u017cno\u015bci. A <span style=\"font-style: italic;\">role ze \u015bciereczkami<\/span> graj\u0105 w ka\u017cdym z nich &#8211; \u015bci\u015blej &#8211; przed i po ka\u017cdym z nich, i nie tylko na scenie, ale we wszelkich czelu\u015bciach show-maszyny.\u00a0 <\/p>\n<p>Niekt\u00f3rzy uwa\u017caj\u0105, \u017ce skoro teatr to i tak fikcja, to wszystko zniesie. Tak, tylko prawdziwy <span style=\"font-style: italic;\">dramat<\/span> <span style=\"font-style: italic;\">w teatrze<\/span> zaczyna si\u0119 tam, gdzie <span style=\"font-style: italic;\">fikcja<\/span> niebezpiecznie zbli\u017ca si\u0119 do <span style=\"font-style: italic;\">rzeczywisto\u015bci<\/span>. A niestety, do koszt\u00f3w przetargu (czyli castingu) nie mo\u017cna doliczy\u0107 wielotygodniowego, a mo\u017ce i wielomiesi\u0119cznego szkolenia nowych ludzi, ich w mi\u0119dzyczasie rozczarowa\u0144, walki o przetrwanie, walki z warunkami, ze stosem niepisanych tu, specyficznych praw, kt\u00f3rych \u0142amanie jest bolesne i odbija si\u0119 skandalami. Bo tutaj nie ka\u017cdy chce pracowa\u0107, ale jak ju\u017c kto\u015b zechce, to zostaje na lata. To znaczy &#8211; zosta\u0142by, gdyby nie te coroczne przetargi. Z pewno\u015bci\u0105, gdyby doliczy\u0107 wszystkie niepoliczalne koszty zmian <span style=\"font-style: italic;\">obsady ze \u015bciereczkami<\/span>, to wynik castingu by\u0142by inny. Ale nie jest. <br \/><\/font><\/p>\n","protected":false},"excerpt":{"rendered":"<p><font size=\"2\">Kiedy rok&#8230;<\/p>\n","protected":false},"author":1,"featured_media":0,"comment_status":"open","ping_status":"open","sticky":false,"template":"","format":"standard","meta":{"footnotes":""},"categories":[57],"tags":[34],"_links":{"self":[{"href":"http:\/\/niecodziennosc.kubic.info\/index.php?rest_route=\/wp\/v2\/posts\/8018"}],"collection":[{"href":"http:\/\/niecodziennosc.kubic.info\/index.php?rest_route=\/wp\/v2\/posts"}],"about":[{"href":"http:\/\/niecodziennosc.kubic.info\/index.php?rest_route=\/wp\/v2\/types\/post"}],"author":[{"embeddable":true,"href":"http:\/\/niecodziennosc.kubic.info\/index.php?rest_route=\/wp\/v2\/users\/1"}],"replies":[{"embeddable":true,"href":"http:\/\/niecodziennosc.kubic.info\/index.php?rest_route=%2Fwp%2Fv2%2Fcomments&post=8018"}],"version-history":[{"count":0,"href":"http:\/\/niecodziennosc.kubic.info\/index.php?rest_route=\/wp\/v2\/posts\/8018\/revisions"}],"wp:attachment":[{"href":"http:\/\/niecodziennosc.kubic.info\/index.php?rest_route=%2Fwp%2Fv2%2Fmedia&parent=8018"}],"wp:term":[{"taxonomy":"category","embeddable":true,"href":"http:\/\/niecodziennosc.kubic.info\/index.php?rest_route=%2Fwp%2Fv2%2Fcategories&post=8018"},{"taxonomy":"post_tag","embeddable":true,"href":"http:\/\/niecodziennosc.kubic.info\/index.php?rest_route=%2Fwp%2Fv2%2Ftags&post=8018"}],"curies":[{"name":"wp","href":"https:\/\/api.w.org\/{rel}","templated":true}]}}