{"id":8024,"date":"2010-11-16T21:50:22","date_gmt":"2010-11-16T20:50:22","guid":{"rendered":"http:\/\/niecodziennosc.kubic.info\/index.php\/2010\/11\/16\/troche-przyziemnej-matematyki\/"},"modified":"2010-11-16T21:50:22","modified_gmt":"2010-11-16T20:50:22","slug":"troche-przyziemnej-matematyki","status":"publish","type":"post","link":"http:\/\/niecodziennosc.kubic.info\/?p=8024","title":{"rendered":"Troch\u0119 przyziemnej matematyki"},"content":{"rendered":"<p><font size=\"2\">Napisz\u0119, cho\u0107 mo\u017ce to by\u0107 odebrane jako wylewanie \u017cal\u00f3w, dow\u00f3d kompleks\u00f3w, utyskiwanie na w\u0142asne wyimaginowane ub\u00f3stwo &#8211; wszystko mi jedno.<\/p>\n<p>Z Beniaminem odwiedzili\u015bmy miejsce pracy mojego taty. Sprzedaj\u0105 tam Fiaty. Na szybie salonu &#8211; tabelka z cenami (podobno niesamowicie atrakcyjnymi). Najni\u017csza z nich to 32 tysi\u0105ce z ogonem. Prosta kalkulacja &#8211; gdybym chcia\u0142 kupi\u0107 ten najta\u0144szy, to musia\u0142bym przez prawie trzy lata odk\u0142ada\u0107 tysi\u0105c z\u0142otych miesi\u0119cznie. Trzeba uwzgl\u0119dni\u0107 ubezpieczenie, koszt przegl\u0105d\u00f3w, zapewne &#8211; monta\u017cu instalacji gazowej, bo jazda na benzynie wydaje mi si\u0119 nierealna finansowo. Ale zacznijmy od pocz\u0105tku &#8211; nie jestem w stanie od\u0142o\u017cy\u0107 tysi\u0105ca miesi\u0119cznie. Zreszt\u0105, samoch\u00f3d to nie jedyna rzecz, na kt\u00f3r\u0105 musimy odk\u0142ada\u0107. Nie bior\u0119 ju\u017c pod uwag\u0119 kredytu, gdy\u017c ka\u017cdy z nich to jeszcze wi\u0119ksze koszty. <\/p>\n<p>A mo\u017ce nie umiem kalkulowa\u0107. Mo\u017ce jednak jako\u015b si\u0119 to robi, jako\u015b miesza tymi kredytami, co\u015b tam kombinuje i jako\u015b si\u0119 kupuje te auta, domy i tak dalej. Nie mam nad g\u0142ow\u0105 \u017cadnych zobowi\u0105za\u0144, ale chyba m\u00f3g\u0142bym \u017cy\u0107 z my\u015bl\u0105, \u017ce jeszcze 20-30 lat sp\u0142at&#8230; M\u00f3g\u0142bym, ale nie musz\u0119, na razie, i nie widz\u0119 sensu. <\/p>\n<p>Patrz\u0119 na cen\u0119 Bravy, prezentowana w salonie wersja, po uwzgl\u0119dnieniu rabatu, to pi\u0119\u0107dziesi\u0105t osiem tysi\u0119cy. Wsiadam&#8230; \u0141adne, nowe, ale bardzo przeci\u0119tne auto. A tam, za szybami salonu, stoi moja szesnastoletnia kolubryna, warta dok\u0142adnie dziesi\u0119\u0107 razy mniej, wygl\u0105daj\u0105ca archaicznie, ale bij\u0105ca na g\u0142ow\u0119 t\u0119 &quot;n\u00f3wk\u0119&quot; pod wzgl\u0119dem prowadzenia si\u0119, stylu jazdy, osi\u0105g\u00f3w, niewielkich cen serwisu i cz\u0119\u015bci&#8230;<\/p>\n<p>Czuj\u0119, \u017ce to nie najgorszy przyk\u0142ad tego, jak nasz \u015bwiat jest u\u0142o\u017cony. Co\u015b tutaj stoi na g\u0142owie, ale na szcz\u0119\u015bcie dla mnie i innych, kt\u00f3rzy nie maj\u0105 za du\u017co pieni\u0119dzy. To tak, jak znajomy powiedzia\u0142 &#8211; chcia\u0142em si\u0119 zapisa\u0107 na kurs fotograficzny za osiem tysi\u0119cy z\u0142otych. A ja m\u00f3wi\u0119: przeszukaj Youtube, portale fotograficzne, przejd\u017a si\u0119 do dobrej ksi\u0119garni i wynotuj nazwiska, a potem wpisz w google. Oka\u017ce si\u0119, \u017ce np. w Tarnowie jest za darmo spotkanie z polskim fotografem z elity, \u017ce w ramach Miesi\u0105ca Fotografii b\u0119dziesz na wyk\u0142adzie Martina Parra, \u015bwiatowego guru fotoreporta\u017cu. I sam sobie zrobisz lepszy kurs, za cen\u0119 biletu na autobus. <br \/><\/font><\/p>\n","protected":false},"excerpt":{"rendered":"<p><font size=\"2\">Napisz\u0119, &#8230;<\/p>\n","protected":false},"author":1,"featured_media":0,"comment_status":"open","ping_status":"open","sticky":false,"template":"","format":"standard","meta":{"footnotes":""},"categories":[50],"tags":[339,532],"_links":{"self":[{"href":"http:\/\/niecodziennosc.kubic.info\/index.php?rest_route=\/wp\/v2\/posts\/8024"}],"collection":[{"href":"http:\/\/niecodziennosc.kubic.info\/index.php?rest_route=\/wp\/v2\/posts"}],"about":[{"href":"http:\/\/niecodziennosc.kubic.info\/index.php?rest_route=\/wp\/v2\/types\/post"}],"author":[{"embeddable":true,"href":"http:\/\/niecodziennosc.kubic.info\/index.php?rest_route=\/wp\/v2\/users\/1"}],"replies":[{"embeddable":true,"href":"http:\/\/niecodziennosc.kubic.info\/index.php?rest_route=%2Fwp%2Fv2%2Fcomments&post=8024"}],"version-history":[{"count":0,"href":"http:\/\/niecodziennosc.kubic.info\/index.php?rest_route=\/wp\/v2\/posts\/8024\/revisions"}],"wp:attachment":[{"href":"http:\/\/niecodziennosc.kubic.info\/index.php?rest_route=%2Fwp%2Fv2%2Fmedia&parent=8024"}],"wp:term":[{"taxonomy":"category","embeddable":true,"href":"http:\/\/niecodziennosc.kubic.info\/index.php?rest_route=%2Fwp%2Fv2%2Fcategories&post=8024"},{"taxonomy":"post_tag","embeddable":true,"href":"http:\/\/niecodziennosc.kubic.info\/index.php?rest_route=%2Fwp%2Fv2%2Ftags&post=8024"}],"curies":[{"name":"wp","href":"https:\/\/api.w.org\/{rel}","templated":true}]}}