{"id":8029,"date":"2010-11-03T00:21:27","date_gmt":"2010-11-02T23:21:27","guid":{"rendered":"http:\/\/niecodziennosc.kubic.info\/index.php\/2010\/11\/03\/skazany\/"},"modified":"2019-05-05T01:42:18","modified_gmt":"2019-05-04T23:42:18","slug":"skazany","status":"publish","type":"post","link":"http:\/\/niecodziennosc.kubic.info\/?p=8029","title":{"rendered":"Skazany"},"content":{"rendered":"<p><font size=\"2\">Relacje mi\u0119dzyludzkie to najdziwniejsze zjawiska&#8230; Tak wiele rzeczy z otaczaj\u0105cego nas \u015bwiata &#8211; przyrody o\u017cywionej i nieo\u017cywionej &#8211; mo\u017cna wyt\u0142umaczy\u0107, a nawet, je\u015bli nie mo\u017cna, to pozostaj\u0105 one tam gdzie\u015b&#8230; Niewyja\u015bnione po prostu, i nawet je\u015bli niszcz\u0105, jak na przyk\u0142ad tr\u0105by powietrzne, to z pokor\u0105 przyjmujemy ich si\u0142\u0119. Z t\u0105 sam\u0105 pokor\u0105 nie jeste\u015bmy w stanie znie\u015b\u0107 grymas\u00f3w drugiego cz\u0142owieka. <\/p>\n<p>Ci\u0105gle nie rozumiem, jaka jest moja rola wobec ludzi, gdzie jest moje miejsce. Nie umiem ustawi\u0107 granicy mi\u0119dzy sob\u0105 i nimi. Nie umiem siebie oceni\u0107. Z daleka oni nie istniej\u0105, z bliska &#8211; wtapiaj\u0105 si\u0119 we mnie momentalnie, nie, to ja ich &quot;poch\u0142aniam&quot;, by potem&#8230; odczuwa\u0107 ich bardziej, ni\u017c oni sami siebie. To moja &quot;wina&quot;, to z mojego &quot;powodu&quot;, skrzywienia jakiego\u015b, masochizmu, pogoni raczej, niesko\u0144czonej, za czym&#8230;<\/p>\n<p>W pracy spotykam ludzi pracuj\u0105cych w szatni, to studenci. Jest pewna dziewczyna, kt\u00f3ra w swoim optymizmie, czy ch\u0119ci\u0105 optymizmu, czy wrodzonemu optymizmowi, czy raczej wrodzonej pewno\u015bci, spokojowi monstrualnemu&#8230; znajduje odpowied\u017a na ka\u017cde pytanie, w\u0105tpliwo\u015b\u0107, ka\u017cde zawieszenie g\u0142osu przeczuwaj\u0105ce niejasno\u015b\u0107. W zasadzie przesta\u0142em w jej obecno\u015bci m\u00f3wi\u0107 to, co my\u015bl\u0119, czuj\u0119 si\u0119 jak uczniak. Bo moje my\u015blenie to pytanie: dlaczego, i poszukiwanie odpowiedzi, z kt\u00f3rych \u017cadna mnie nie zadowoli. Jej my\u015blenie to uporz\u0105dkowany \u015bwiat, do\u015b\u0107 jasny i okre\u015blony, i jak\u017ce pewny, jak na jej dwadzie\u015bcia kilka lat. <\/p>\n<p>Irytuj\u0105cy spok\u00f3j i optymizm, z lekarstwem na wszystko, i s\u0105 ludzie, kt\u00f3rzy tak prze\u017cywaj\u0105 ca\u0142e \u017cycie. Spos\u00f3b dla mnie niedosi\u0119g\u0142y. Mo\u017ce niedowiarek powinien \u017cy\u0107 w\u0142a\u015bnie z kim\u015b takim, kto by w szczytowym momencie wyartyku\u0142owa\u0142 i wyegzekwowa\u0142 jedyn\u0105 obowi\u0105zuj\u0105c\u0105 prawd\u0119. Wtedy ja z Wie\u015bkiem, ju\u017c bez dywagacji, uspokojeni, jak nakarmione niemowl\u0119ta, z b\u0142ogim wyrazem twarzy, poszliby\u015bmy spokojnie na piwo. <br \/><\/font><\/p>\n","protected":false},"excerpt":{"rendered":"<p><font size=\"2\">Relacje &#8230;<\/p>\n","protected":false},"author":1,"featured_media":0,"comment_status":"open","ping_status":"open","sticky":false,"template":"","format":"standard","meta":{"footnotes":""},"categories":[909,94],"tags":[38],"_links":{"self":[{"href":"http:\/\/niecodziennosc.kubic.info\/index.php?rest_route=\/wp\/v2\/posts\/8029"}],"collection":[{"href":"http:\/\/niecodziennosc.kubic.info\/index.php?rest_route=\/wp\/v2\/posts"}],"about":[{"href":"http:\/\/niecodziennosc.kubic.info\/index.php?rest_route=\/wp\/v2\/types\/post"}],"author":[{"embeddable":true,"href":"http:\/\/niecodziennosc.kubic.info\/index.php?rest_route=\/wp\/v2\/users\/1"}],"replies":[{"embeddable":true,"href":"http:\/\/niecodziennosc.kubic.info\/index.php?rest_route=%2Fwp%2Fv2%2Fcomments&post=8029"}],"version-history":[{"count":1,"href":"http:\/\/niecodziennosc.kubic.info\/index.php?rest_route=\/wp\/v2\/posts\/8029\/revisions"}],"predecessor-version":[{"id":9100,"href":"http:\/\/niecodziennosc.kubic.info\/index.php?rest_route=\/wp\/v2\/posts\/8029\/revisions\/9100"}],"wp:attachment":[{"href":"http:\/\/niecodziennosc.kubic.info\/index.php?rest_route=%2Fwp%2Fv2%2Fmedia&parent=8029"}],"wp:term":[{"taxonomy":"category","embeddable":true,"href":"http:\/\/niecodziennosc.kubic.info\/index.php?rest_route=%2Fwp%2Fv2%2Fcategories&post=8029"},{"taxonomy":"post_tag","embeddable":true,"href":"http:\/\/niecodziennosc.kubic.info\/index.php?rest_route=%2Fwp%2Fv2%2Ftags&post=8029"}],"curies":[{"name":"wp","href":"https:\/\/api.w.org\/{rel}","templated":true}]}}