{"id":8037,"date":"2010-10-20T20:08:01","date_gmt":"2010-10-20T18:08:01","guid":{"rendered":"http:\/\/niecodziennosc.kubic.info\/index.php\/2010\/10\/20\/rajska-1930\/"},"modified":"2019-05-05T01:42:19","modified_gmt":"2019-05-04T23:42:19","slug":"rajska-1930","status":"publish","type":"post","link":"http:\/\/niecodziennosc.kubic.info\/?p=8037","title":{"rendered":"Rajska 19:30"},"content":{"rendered":"<p><font size=\"2\">Prze\u017cywane dziesi\u0105tki razy, w ulicznym po\u015bpiechu, zamy\u015bleniu, wreszcie ch\u0119\u0107, \u017ceby o tym napisa\u0107. Na ulicy p\u00f3\u0142 chodnika zajmuj\u0105 parkuj\u0105ce samochody, z drugiej strony &#8211; schody i zej\u015bcie do pubu, w \u015brodku przystan\u0119\u0142a kobieta w czarnym p\u0142aszczu, wysoka, siwa, przyk\u0142ada kom\u00f3rk\u0119 do ucha. Pojawiaj\u0105cy si\u0119 za ni\u0105 ch\u0142opak, szczup\u0142y, a z przeciwnej strony &#8211; id\u0105cy ja; spotykamy si\u0119, w u\u0142amek sekundy mierzymy wzrokiem, bo jak tu przej\u015b\u0107. I to, co lubi\u0119, co nape\u0142nia mnie drobn\u0105 nadziej\u0105 w tym mr\u00f3wczym miejskim cyklu automatycznych, bezmy\u015blnych odruch\u00f3w &#8211; kobieta nieznacznie uchyla si\u0119, m\u0142ody ch\u0142opak przystaje, a ja, w odpowiedzi, nie \u015bmiem przej\u015b\u0107 pierwszy, wi\u0119c delikatnie si\u0119 mijamy, wyczekuj\u0105c, nie patrz\u0105c, wyczuwaj\u0105c. <\/p>\n<p>Kilka krok\u00f3w dalej, na skrzy\u017cowaniu, stara, chuda dozorczyni zamiata li\u015bcie wzd\u0142u\u017c kraw\u0119\u017cnika w \u015bwietle ulicznych lamp.<br \/>&#8211; Jakie \u0142adne&#8230; &#8211; s\u0105 czysto \u017c\u00f3\u0142te, lekkie, niepomi\u0119te.<br \/>&#8211; Co pan m\u00f3wi?<br \/>&#8211; M\u00f3wi\u0119, \u017ce \u0142adne&#8230;<br \/>&#8211; Tak panie, trzeba zmie\u015b\u0107 dzisiaj, bo do jutra b\u0119dzie gn\u00f3j. Jak popada. <br \/>&#8211; No tak. A b\u0119dzie tego jeszcze wi\u0119cej.<br \/>&#8211; E panie, wi\u0119cej ju\u017c nie b\u0119dzie. Niech pan patrzy. <br \/>Patrz\u0119 w g\u00f3r\u0119, rzeczywi\u015bcie, na ga\u0142\u0119ziach ju\u017c niewiele&#8230;<br \/>&#8211; No to dobrze, \u017ce b\u0119dzie mniej. <br \/>&#8211; Co pan m\u00f3wi?<br \/>&#8211; \u017be lepiej b\u0119dzie, bo b\u0119dzie mniej. <br \/>&#8211; E, panie, to przyjdzie \u015bnieg. Ze \u015bniegiem to dopiero b\u0119dzie.<br \/>Ma kobieta racj\u0119, przyznaj\u0119. Co by tu powiedzie\u0107?<br \/>&#8211; A na wiosn\u0119?<br \/>&#8211; &#8230;panie, a kto wie, czy do\u017cyjemy do wiosny. <br \/>Zn\u00f3w ma racj\u0119. <br \/>&#8211; Idzie pan do ko\u015bci\u00f3\u0142ka?<br \/>&#8211; Nie, ja jeszcze do pracy.<br \/>&#8211; No to niech pan idzie, bo si\u0119 pan sp\u00f3\u017ani. <br \/><\/font><\/p>\n","protected":false},"excerpt":{"rendered":"<p><font ...\n<\/p>\n","protected":false},"author":1,"featured_media":0,"comment_status":"open","ping_status":"open","sticky":false,"template":"","format":"standard","meta":{"footnotes":""},"categories":[27,909],"tags":[34,324,676,38,747],"_links":{"self":[{"href":"http:\/\/niecodziennosc.kubic.info\/index.php?rest_route=\/wp\/v2\/posts\/8037"}],"collection":[{"href":"http:\/\/niecodziennosc.kubic.info\/index.php?rest_route=\/wp\/v2\/posts"}],"about":[{"href":"http:\/\/niecodziennosc.kubic.info\/index.php?rest_route=\/wp\/v2\/types\/post"}],"author":[{"embeddable":true,"href":"http:\/\/niecodziennosc.kubic.info\/index.php?rest_route=\/wp\/v2\/users\/1"}],"replies":[{"embeddable":true,"href":"http:\/\/niecodziennosc.kubic.info\/index.php?rest_route=%2Fwp%2Fv2%2Fcomments&post=8037"}],"version-history":[{"count":1,"href":"http:\/\/niecodziennosc.kubic.info\/index.php?rest_route=\/wp\/v2\/posts\/8037\/revisions"}],"predecessor-version":[{"id":9102,"href":"http:\/\/niecodziennosc.kubic.info\/index.php?rest_route=\/wp\/v2\/posts\/8037\/revisions\/9102"}],"wp:attachment":[{"href":"http:\/\/niecodziennosc.kubic.info\/index.php?rest_route=%2Fwp%2Fv2%2Fmedia&parent=8037"}],"wp:term":[{"taxonomy":"category","embeddable":true,"href":"http:\/\/niecodziennosc.kubic.info\/index.php?rest_route=%2Fwp%2Fv2%2Fcategories&post=8037"},{"taxonomy":"post_tag","embeddable":true,"href":"http:\/\/niecodziennosc.kubic.info\/index.php?rest_route=%2Fwp%2Fv2%2Ftags&post=8037"}],"curies":[{"name":"wp","href":"https:\/\/api.w.org\/{rel}","templated":true}]}}