{"id":8056,"date":"2010-09-23T00:05:08","date_gmt":"2010-09-22T22:05:08","guid":{"rendered":"http:\/\/niecodziennosc.kubic.info\/index.php\/2010\/09\/23\/pytanie\/"},"modified":"2010-09-23T00:05:08","modified_gmt":"2010-09-22T22:05:08","slug":"pytanie","status":"publish","type":"post","link":"http:\/\/niecodziennosc.kubic.info\/?p=8056","title":{"rendered":"Pytanie"},"content":{"rendered":"<p><font size=\"2\">Trudno czasem omin\u0105\u0107 wra\u017cenie, \u017ce 99% rzeczy, kt\u00f3re podejmujemy w \u017cyciu, ma na celu zaj\u0119cie naszej \u015bwiadomo\u015bci czym\u015b innym ni\u017c tym najwa\u017cniejszym pytaniem. <\/p>\n<p>To ono staje przede mn\u0105 w chwilach, w kt\u00f3rych nie mam nic do zrobienia, w kt\u00f3rych pr\u00f3buj\u0119 odpocz\u0105\u0107, oderwa\u0107 si\u0119 od gor\u0105czki i drgawek fascynacji codziennymi dzia\u0142aniami. Ono przypomina mi si\u0119 r\u00f3wnie\u017c, gdy towarzysz\u0119 moim dzieciom, gdy id\u0105 spa\u0107. Czuj\u0119 si\u0119 wtedy niepewnie, bo wiem, \u017ce przyczyniaj\u0105c si\u0119 do powo\u0142ania ich do \u017cycia, skaza\u0142em jednocze\u015bnie na to, \u017ce pewnego dnia to pytanie stanie i przed nimi &#8211; coraz bardziej uporczywie. Jak si\u0119 z nim zmierz\u0105? Czy nie b\u0119dzie ono dla nich pora\u017ck\u0105?<\/p>\n<p>I gdybym m\u00f3g\u0142 przela\u0107 na nich, bezpo\u015brednio, wprost, moj\u0105 odpowied\u017a, mo\u017ce by\u0142o by im \u0142atwiej. No i mnie \u0142atwiej. Ale nie mog\u0119. Na szcz\u0119\u015bcie, albo &#8211; nieszcz\u0119\u015bcie. Zreszt\u0105 &#8211; czy ja mam tak\u0105 odpowied\u017a? Na tyle siln\u0105, \u017ce bez mrugni\u0119cia okiem&#8230; A czy pr\u00f3ba przekazania jej tak po prostu &#8211; nie by\u0142a by nieuczciwa, nie by\u0142a by przemoc\u0105 dokonan\u0105 na ich duszy? W materii tak delikatnej&#8230;<\/p>\n<p>S\u0142awomir Mro\u017cek przyje\u017cd\u017ca do Polski aby obchodzi\u0107 80-lecie swoich urodzin. W\u0142a\u015bnie opublikowano pierwszy tom jego Dziennik\u00f3w, z lat 1962-69. Siedemset stron&#8230; cz\u0142owieka, kt\u00f3ry najcz\u0119\u015bciej by\u0142 tylko sam ze sob\u0105&#8230; Siedemset stron&#8230; w siedem lat. I to mo\u017ce tylko drobna cz\u0119\u015b\u0107 odpowiedzi na pytanie&#8230;<br \/><\/font><\/p>\n","protected":false},"excerpt":{"rendered":"<p><font size=\"2\">Trudno &#8230;<\/p>\n","protected":false},"author":1,"featured_media":0,"comment_status":"open","ping_status":"open","sticky":false,"template":"","format":"standard","meta":{"footnotes":""},"categories":[27],"tags":[607,373,891,882,112,747],"_links":{"self":[{"href":"http:\/\/niecodziennosc.kubic.info\/index.php?rest_route=\/wp\/v2\/posts\/8056"}],"collection":[{"href":"http:\/\/niecodziennosc.kubic.info\/index.php?rest_route=\/wp\/v2\/posts"}],"about":[{"href":"http:\/\/niecodziennosc.kubic.info\/index.php?rest_route=\/wp\/v2\/types\/post"}],"author":[{"embeddable":true,"href":"http:\/\/niecodziennosc.kubic.info\/index.php?rest_route=\/wp\/v2\/users\/1"}],"replies":[{"embeddable":true,"href":"http:\/\/niecodziennosc.kubic.info\/index.php?rest_route=%2Fwp%2Fv2%2Fcomments&post=8056"}],"version-history":[{"count":0,"href":"http:\/\/niecodziennosc.kubic.info\/index.php?rest_route=\/wp\/v2\/posts\/8056\/revisions"}],"wp:attachment":[{"href":"http:\/\/niecodziennosc.kubic.info\/index.php?rest_route=%2Fwp%2Fv2%2Fmedia&parent=8056"}],"wp:term":[{"taxonomy":"category","embeddable":true,"href":"http:\/\/niecodziennosc.kubic.info\/index.php?rest_route=%2Fwp%2Fv2%2Fcategories&post=8056"},{"taxonomy":"post_tag","embeddable":true,"href":"http:\/\/niecodziennosc.kubic.info\/index.php?rest_route=%2Fwp%2Fv2%2Ftags&post=8056"}],"curies":[{"name":"wp","href":"https:\/\/api.w.org\/{rel}","templated":true}]}}