{"id":8067,"date":"2010-08-26T01:37:03","date_gmt":"2010-08-25T23:37:03","guid":{"rendered":"http:\/\/niecodziennosc.kubic.info\/index.php\/2010\/08\/26\/wszedzie-gdzie-nas-nie-ma\/"},"modified":"2010-08-26T01:37:03","modified_gmt":"2010-08-25T23:37:03","slug":"wszedzie-gdzie-nas-nie-ma","status":"publish","type":"post","link":"http:\/\/niecodziennosc.kubic.info\/?p=8067","title":{"rendered":"Wsz\u0119dzie, gdzie nas nie ma"},"content":{"rendered":"<p><font size=\"2\">Niedzielni go\u015bcie. Gdy wysiada\u0142em z samochodu, dw\u00f3ch m\u0119\u017cczyzn siedzia\u0142o ju\u017c na szerokiej hu\u015btawce ogrodowej, mi\u0119dzy nimi mo\u017ce dwunastoletni ch\u0142opak, syn. &quot;M\u0119\u017cczyzn&quot;, wszak to moi przyjaciele, ale i r\u00f3wie\u015bnicy, ci\u0105gle jednak dziwnie brzmi owo &quot;m\u0119\u017cczyzn&quot;, bo w tej sytuacji wskazywa\u0142oby, \u017ce i ja si\u0119 do nich zaliczam. Nie \u017cebym sobie tego odmawia\u0142, jednak jakbym to nie ja mia\u0142 decydowa\u0107 o przyznawaniu tego tytu\u0142u, zw\u0142aszcza wobec siebie samego. To my\u015blenie oczywi\u015bcie u\u0142omne, ale dajmy mu w tym momencie spok\u00f3j. <\/p>\n<p>Wysiadaj\u0105c z samochodu, z b\u00f3lem g\u0142owy po zbyt kr\u00f3tko przespanej nocy i przejechaniu w upale trzystu kilometr\u00f3w, do\u0142\u0105czy\u0142em do tych m\u0119\u017cczyzn. Do\u0142\u0105czy\u0142em nie m\u00f3wi\u0105c nic; dziwnie \u0142atwo mnie i im to przysz\u0142o &#8211; nie m\u00f3wi\u0107, a je\u015bli ju\u017c to cedzi\u0107 pojedyncze s\u0142owa. Take\u015bmy si\u0119 porozumieli w tym niem\u00f3wieniu, ewentualnie cedzeniu, \u017ce nas to ucieszy\u0142o, prawie bezg\u0142o\u015bnie, je\u015bli nie liczy\u0107 twierdz\u0105cego poszumu li\u015bci rozpo\u015bcieraj\u0105cych si\u0119 ponad hu\u015btawk\u0105 ogrodow\u0105 na trzy osoby. <\/p>\n<p>Nasz przyjaciel Andrzej, z uwagi, \u017ce pracuje na co dzie\u0144 w domu, czyli maluje, r\u00f3wnie\u017c mo\u017ce zachowa\u0107 daleko id\u0105ce milczenie, bo raczej odpadaj\u0105 mu cz\u0119ste rozmowy przez kom\u00f3rk\u0119, albo twarz\u0105 w twarz z osobami, od kt\u00f3rych wi\u0119cej lub mniej w jego \u017cyciu zale\u017cy. Take\u015bmy si\u0119 \u0142atwo zgodzili z tym, \u017ce nasz przyjaciel Andrzej to ma takie \u017cycie na co dzie\u0144, kt\u00f3re i my by\u015bmy chcieli. Skupienie, spok\u00f3j, samotno\u015b\u0107, brak po\u015bpiechu, oczywi\u015bcie nie za du\u017co, ale sporo; te po\u017c\u0105dane cechy s\u0105 przeciwstawieniem p\u0119du, tempa, ci\u0105g\u0142ej konieczno\u015bci rozm\u00f3w i tak dalej, a my na milczenie mo\u017cemy sobie pozwoli\u0107 tylko od \u015bwi\u0119ta, albo jeszcze rzadziej, tak jak tu, na hu\u015btawce ogrodowej. <\/p>\n<p>Oczywi\u015bcie, i Andrzej pewnie musi zrobi\u0107 co\u015b na termin, ale pewnie ma na to przynajmniej trzy tygodnie, a ju\u017c zdaje si\u0119 nies\u0142ychane, \u017ceby musia\u0142 malowa\u0107 co\u015b, na przyk\u0142ad, na wczoraj. Tak wi\u0119c &#8211; du\u017co czasu, skupienie, spok\u00f3j, telefony &#8211; z rzadka&#8230; Nie \u017ceby\u015bmy od razu my\u015bleli malowa\u0107, ale chocia\u017c pomy\u015ble\u0107, \u017ce gdzie\u015b s\u0105 takie nisze spokoju, i \u017ce kto\u015b je ma, tym bardziej je\u015bli ten kto\u015b jest naszym przyjacielem, i na co dzie\u0144 ma to, co my od \u015bwi\u0119ta. A i to nie bardzo. <br \/><\/font><\/p>\n","protected":false},"excerpt":{"rendered":"<p><font ...\n<\/p>\n","protected":false},"author":1,"featured_media":0,"comment_status":"open","ping_status":"open","sticky":false,"template":"","format":"standard","meta":{"footnotes":""},"categories":[18],"tags":[558,532,528],"_links":{"self":[{"href":"http:\/\/niecodziennosc.kubic.info\/index.php?rest_route=\/wp\/v2\/posts\/8067"}],"collection":[{"href":"http:\/\/niecodziennosc.kubic.info\/index.php?rest_route=\/wp\/v2\/posts"}],"about":[{"href":"http:\/\/niecodziennosc.kubic.info\/index.php?rest_route=\/wp\/v2\/types\/post"}],"author":[{"embeddable":true,"href":"http:\/\/niecodziennosc.kubic.info\/index.php?rest_route=\/wp\/v2\/users\/1"}],"replies":[{"embeddable":true,"href":"http:\/\/niecodziennosc.kubic.info\/index.php?rest_route=%2Fwp%2Fv2%2Fcomments&post=8067"}],"version-history":[{"count":0,"href":"http:\/\/niecodziennosc.kubic.info\/index.php?rest_route=\/wp\/v2\/posts\/8067\/revisions"}],"wp:attachment":[{"href":"http:\/\/niecodziennosc.kubic.info\/index.php?rest_route=%2Fwp%2Fv2%2Fmedia&parent=8067"}],"wp:term":[{"taxonomy":"category","embeddable":true,"href":"http:\/\/niecodziennosc.kubic.info\/index.php?rest_route=%2Fwp%2Fv2%2Fcategories&post=8067"},{"taxonomy":"post_tag","embeddable":true,"href":"http:\/\/niecodziennosc.kubic.info\/index.php?rest_route=%2Fwp%2Fv2%2Ftags&post=8067"}],"curies":[{"name":"wp","href":"https:\/\/api.w.org\/{rel}","templated":true}]}}