{"id":8079,"date":"2010-07-23T02:11:56","date_gmt":"2010-07-23T00:11:56","guid":{"rendered":"http:\/\/niecodziennosc.kubic.info\/index.php\/2010\/07\/23\/sara-i-beniamin\/"},"modified":"2019-05-05T01:42:20","modified_gmt":"2019-05-04T23:42:20","slug":"sara-i-beniamin","status":"publish","type":"post","link":"http:\/\/niecodziennosc.kubic.info\/?p=8079","title":{"rendered":"Sara i Beniamin"},"content":{"rendered":"<p><font size=\"2\">No, to jestem jeszcze winien zdj\u0119cie cho\u0107 moich dzieci. Na rumu\u0144skiej zje\u017cd\u017calni \ud83d\ude42<\/p>\n<p><img decoding=\"async\" border=\"0\" alt=\"\" src=\"wp-content\/uploads\/2019\/03\/_MG_4732.jpg\" \/><\/p>\n<p>Przypominam tym, kt\u00f3rzy ju\u017c nie pami\u0119taj\u0105, \u017ce dwulatek, szczeg\u00f3lnie, a mo\u017ce nawet ch\u0142opczyk, potrafi by\u0107 do\u015b\u0107 upartym i stanowczym istnieniem ludzkim. Oby humor mu dopisywa\u0142, wszystkim nam wyjdzie na dobre. I Wam te\u017c, bo wpisy b\u0119d\u0105 l\u017cejsze&#8230; :-)))<br \/><\/font><\/p>\n","protected":false},"excerpt":{"rendered":"<p><font size=\"2\">No, to &#8230;<\/p>\n","protected":false},"author":1,"featured_media":0,"comment_status":"open","ping_status":"open","sticky":false,"template":"","format":"standard","meta":{"footnotes":""},"categories":[909,94],"tags":[373,38,638],"_links":{"self":[{"href":"http:\/\/niecodziennosc.kubic.info\/index.php?rest_route=\/wp\/v2\/posts\/8079"}],"collection":[{"href":"http:\/\/niecodziennosc.kubic.info\/index.php?rest_route=\/wp\/v2\/posts"}],"about":[{"href":"http:\/\/niecodziennosc.kubic.info\/index.php?rest_route=\/wp\/v2\/types\/post"}],"author":[{"embeddable":true,"href":"http:\/\/niecodziennosc.kubic.info\/index.php?rest_route=\/wp\/v2\/users\/1"}],"replies":[{"embeddable":true,"href":"http:\/\/niecodziennosc.kubic.info\/index.php?rest_route=%2Fwp%2Fv2%2Fcomments&post=8079"}],"version-history":[{"count":1,"href":"http:\/\/niecodziennosc.kubic.info\/index.php?rest_route=\/wp\/v2\/posts\/8079\/revisions"}],"predecessor-version":[{"id":9119,"href":"http:\/\/niecodziennosc.kubic.info\/index.php?rest_route=\/wp\/v2\/posts\/8079\/revisions\/9119"}],"wp:attachment":[{"href":"http:\/\/niecodziennosc.kubic.info\/index.php?rest_route=%2Fwp%2Fv2%2Fmedia&parent=8079"}],"wp:term":[{"taxonomy":"category","embeddable":true,"href":"http:\/\/niecodziennosc.kubic.info\/index.php?rest_route=%2Fwp%2Fv2%2Fcategories&post=8079"},{"taxonomy":"post_tag","embeddable":true,"href":"http:\/\/niecodziennosc.kubic.info\/index.php?rest_route=%2Fwp%2Fv2%2Ftags&post=8079"}],"curies":[{"name":"wp","href":"https:\/\/api.w.org\/{rel}","templated":true}]}}