{"id":8088,"date":"2010-07-05T01:09:06","date_gmt":"2010-07-04T23:09:06","guid":{"rendered":"http:\/\/niecodziennosc.kubic.info\/index.php\/2010\/07\/05\/dlaczego-sondaze-wyborcze-nie-odpowiadaja-rzeczywistosci\/"},"modified":"2010-07-05T01:09:06","modified_gmt":"2010-07-04T23:09:06","slug":"dlaczego-sondaze-wyborcze-nie-odpowiadaja-rzeczywistosci","status":"publish","type":"post","link":"http:\/\/niecodziennosc.kubic.info\/?p=8088","title":{"rendered":"Dlaczego sonda\u017ce wyborcze nie odpowiadaj\u0105 rzeczywisto\u015bci"},"content":{"rendered":"<p><font size=\"2\">Newsweek 4.07.2010, str. 21, artyku\u0142 Piotra Bratkowskiego <span style=\"font-style: italic;\">K\u0142amstwo sonda\u017cowe<br \/><br style=\"font-style: italic;\" \/><\/span><\/font><\/p>\n<div style=\"margin-left: 40px;\"><font size=\"2\"><span style=\"font-style: italic;\">&#8230;klucza do sonda\u017cowych k\u0142amstw szuka\u0142bym gdzie indziej. A mianowicie w swoistym paradoksie tej cz\u0119\u015bci polskiego elektoratu. Polega on na tym, \u017ce to samo, co poci\u0105ga j\u0105 w retoryce Jaros\u0142awa Kaczy\u0144skiego, stanowi zarazem \u017ar\u00f3d\u0142o jej poczucia dyskomfortu, niepewno\u015bci, czy wr\u0119cz wstydu spychanego w nie\u015bwiadomo\u015b\u0107. (&#8230;)<\/span><\/font><br style=\"font-style: italic;\" \/><br style=\"font-style: italic;\" \/><font size=\"2\"><span style=\"font-style: italic;\">\u017be przyklaskuj\u0105c temu wszystkiemu, sama si\u0119 w pewnym sensie szufladkuje. Jako ta w\u0142a\u015bnie mniej zaradna cz\u0119\u015b\u0107 spo\u0142ecze\u0144stwa, pomocy pa\u0144stwa potrzebuj\u0105ca. Jako ta Polska nazywana gorsz\u0105, niech\u0119tna wobec odmienno\u015bci, l\u0119kaj\u0105ca si\u0119 wyzwa\u0144 wsp\u00f3\u0142czesno\u015bci i konieczno\u015bci konkurowania z reszt\u0105 \u015bwiata. (&#8230;)<\/span><\/font><br style=\"font-style: italic;\" \/><br style=\"font-style: italic;\" \/><font size=\"2\"><span style=\"font-style: italic;\">Polska Jaros\u0142awa Kaczy\u0144skiego podejrzewa siebie o to wszystko i nie chce, by inni si\u0119 o tym dowiedzieli. W osobie prezesa PiS chce widzie\u0107 Moj\u017cesza, kt\u00f3ry wyprowadzi j\u0105 z za\u015bcianka na salony. Ale przyznaje si\u0119 do tego g\u0142\u00f3wnie w\u015br\u00f3d swoich, maj\u0105cych podobn\u0105 wizj\u0119 w\u0142asnego losu. Wobec obcych troch\u0119 si\u0119 wstydzi, \u017ce kogo\u015b takiego w og\u00f3le potrzebuje. <\/span><\/font><\/div>\n<p><font size=\"2\"><span style=\"font-style: italic;\"><\/span><\/font><\/p>\n","protected":false},"excerpt":{"rendered":"<p><font size=\"2\">Newsweek &#8230;<\/p>\n","protected":false},"author":1,"featured_media":0,"comment_status":"open","ping_status":"open","sticky":false,"template":"","format":"standard","meta":{"footnotes":""},"categories":[24],"tags":[],"_links":{"self":[{"href":"http:\/\/niecodziennosc.kubic.info\/index.php?rest_route=\/wp\/v2\/posts\/8088"}],"collection":[{"href":"http:\/\/niecodziennosc.kubic.info\/index.php?rest_route=\/wp\/v2\/posts"}],"about":[{"href":"http:\/\/niecodziennosc.kubic.info\/index.php?rest_route=\/wp\/v2\/types\/post"}],"author":[{"embeddable":true,"href":"http:\/\/niecodziennosc.kubic.info\/index.php?rest_route=\/wp\/v2\/users\/1"}],"replies":[{"embeddable":true,"href":"http:\/\/niecodziennosc.kubic.info\/index.php?rest_route=%2Fwp%2Fv2%2Fcomments&post=8088"}],"version-history":[{"count":0,"href":"http:\/\/niecodziennosc.kubic.info\/index.php?rest_route=\/wp\/v2\/posts\/8088\/revisions"}],"wp:attachment":[{"href":"http:\/\/niecodziennosc.kubic.info\/index.php?rest_route=%2Fwp%2Fv2%2Fmedia&parent=8088"}],"wp:term":[{"taxonomy":"category","embeddable":true,"href":"http:\/\/niecodziennosc.kubic.info\/index.php?rest_route=%2Fwp%2Fv2%2Fcategories&post=8088"},{"taxonomy":"post_tag","embeddable":true,"href":"http:\/\/niecodziennosc.kubic.info\/index.php?rest_route=%2Fwp%2Fv2%2Ftags&post=8088"}],"curies":[{"name":"wp","href":"https:\/\/api.w.org\/{rel}","templated":true}]}}