{"id":8093,"date":"2010-06-16T23:08:13","date_gmt":"2010-06-16T21:08:13","guid":{"rendered":"http:\/\/niecodziennosc.kubic.info\/index.php\/2010\/06\/16\/busem\/"},"modified":"2010-06-16T23:08:13","modified_gmt":"2010-06-16T21:08:13","slug":"busem","status":"publish","type":"post","link":"http:\/\/niecodziennosc.kubic.info\/?p=8093","title":{"rendered":"Busem"},"content":{"rendered":"<p><font size=\"2\">Trzeci dzie\u0144 dojazd\u00f3w do pracy busem. Bez widoku szosy i obowi\u0105zku patrzenia w prz\u00f3d, w ty\u0142, na boki, bez napi\u0119cia w \u017co\u0142\u0105dku i wypatrywania misiaczk\u00f3w. Bujaj\u0105c si\u0119 gdzie\u015b tam na tylnych siedzeniach, przysypiam na moim plecaku, stawianym obok mnie. W miasteczku, kt\u00f3re jest po drodze, bus zje\u017cd\u017ca na rynek, wzd\u0142u\u017c skweru z soczyst\u0105 zieleni\u0105 drzew, mi\u0119dzy kt\u00f3rymi Maryja, w zagrodzie, i promieni\u015bcie rozchodz\u0105ce si\u0119 od niej sznurki z tr\u00f3jk\u0105tnymi flagami w kolorach bia\u0142ym, \u017c\u00f3\u0142tym, niebieskim. Na bramach kamieniczek plakaciki wyborcze &quot;Polska jest najwa\u017cniejsza&quot;. <\/p>\n<p>Na trzeci dzie\u0144 w busie zaczynam ju\u017c pami\u0119ta\u0107 dziury i fa\u0142dy tej drogi. Drzemi\u0105c zgaduj\u0119, gdzie jestem. Na przyk\u0142ad na tym ryneczku ma\u0142ego miasteczka, akurat przy tablicy og\u0142oszeniowej, na kt\u00f3rej teraz dwie takie same twarze obok siebie, z dwoma napisami &quot;Wiec wyborczy Janusza Korwin-Mikke&quot;. Tak wi\u0119c kiedy widz\u0119 Janusza Korwin-Mikke, napinam mi\u0119\u015bnie, bo tam jest takie zag\u0142\u0119bienie w bruku, \u017ce zawarto\u015b\u0107 busa podskakuje pod sam sufit. Zag\u0142\u0119bienie w bruku &#8211; kiedy\u015b by\u0142 tu g\u0142adki asfalt, ale ostatnia moda to kosteczka. Ale jaka! Jad\u0105c busem, nie da si\u0119 zerka\u0107 na zegarek, dzwoni\u0107 przez kom\u00f3rk\u0119, czyta\u0107 gazety, bo po\u0142o\u017cony jaki\u015b czas temu przez specmajstr\u00f3w bruk jest w gorszym stanie ni\u017c ten, kt\u00f3ry pami\u0119tam, sprzed trzydziestu lat. Trzymamy si\u0119 siedze\u0144, chwiejemy wraz karoseri\u0105 &#8211; taka wsp\u00f3lna zabawa w ma\u0142omiasteczkowy blichtr.\u00a0 <br \/><\/font><\/p>\n","protected":false},"excerpt":{"rendered":"<p><font size=\"2\">Trzeci &#8230;<\/p>\n","protected":false},"author":1,"featured_media":0,"comment_status":"open","ping_status":"open","sticky":false,"template":"","format":"standard","meta":{"footnotes":""},"categories":[24],"tags":[646,873],"_links":{"self":[{"href":"http:\/\/niecodziennosc.kubic.info\/index.php?rest_route=\/wp\/v2\/posts\/8093"}],"collection":[{"href":"http:\/\/niecodziennosc.kubic.info\/index.php?rest_route=\/wp\/v2\/posts"}],"about":[{"href":"http:\/\/niecodziennosc.kubic.info\/index.php?rest_route=\/wp\/v2\/types\/post"}],"author":[{"embeddable":true,"href":"http:\/\/niecodziennosc.kubic.info\/index.php?rest_route=\/wp\/v2\/users\/1"}],"replies":[{"embeddable":true,"href":"http:\/\/niecodziennosc.kubic.info\/index.php?rest_route=%2Fwp%2Fv2%2Fcomments&post=8093"}],"version-history":[{"count":0,"href":"http:\/\/niecodziennosc.kubic.info\/index.php?rest_route=\/wp\/v2\/posts\/8093\/revisions"}],"wp:attachment":[{"href":"http:\/\/niecodziennosc.kubic.info\/index.php?rest_route=%2Fwp%2Fv2%2Fmedia&parent=8093"}],"wp:term":[{"taxonomy":"category","embeddable":true,"href":"http:\/\/niecodziennosc.kubic.info\/index.php?rest_route=%2Fwp%2Fv2%2Fcategories&post=8093"},{"taxonomy":"post_tag","embeddable":true,"href":"http:\/\/niecodziennosc.kubic.info\/index.php?rest_route=%2Fwp%2Fv2%2Ftags&post=8093"}],"curies":[{"name":"wp","href":"https:\/\/api.w.org\/{rel}","templated":true}]}}