{"id":8101,"date":"2010-05-30T01:05:24","date_gmt":"2010-05-29T23:05:24","guid":{"rendered":"http:\/\/niecodziennosc.kubic.info\/index.php\/2010\/05\/30\/dedykuje-a\/"},"modified":"2019-05-05T01:42:20","modified_gmt":"2019-05-04T23:42:20","slug":"dedykuje-a","status":"publish","type":"post","link":"http:\/\/niecodziennosc.kubic.info\/?p=8101","title":{"rendered":"Dedykuj\u0119 A."},"content":{"rendered":"<p><font size=\"2\">Oko\u0142o siedemnastej ogarnia kuchni\u0119 i pok\u00f3j. B\u0119dzie pusty st\u00f3\u0142, sto\u0142ki ustawione r\u00f3wno, z wyj\u0105tkiem jednego &#8211; lekko odchylonego od sto\u0142u, tak jakby kto\u015b dopiero co wsta\u0142, chc\u0105c na przyk\u0142ad zala\u0107 herbat\u0119, wod\u0105 zagotowan\u0105 dopiero co w czajniku. Jakby w\u0142a\u015bnie, dopiero co, wsta\u0142, i mia\u0142 zaraz wr\u00f3ci\u0107 do tego sto\u0142u. <\/p>\n<p>Uchyla okno, bo zapach \u015bwie\u017cej wiosny, niedawno zalistnionych drzew, to jego ulubiony. Zapach&#8230; Ale szum. Szum powietrza, przeciskaj\u0105cy si\u0119 mi\u0119dzy drobnymi ga\u0142\u0105zkami i m\u0142odymi listkami brzozy, stoj\u0105cej tu\u017c przed oknem. <\/p>\n<p>Na stole k\u0142adzie dwie gazety &#8211; tygodnik i dziennik, do przejrzenia, przy smaku owej herbaty. Jakim smaku? Tego nigdy nie wiedzia\u0142a, on zwyk\u0142e m\u00f3wi\u0142: nie wiem, wszystko jedno, a ona &#8211; zdawa\u0142a si\u0119 na los, si\u0119gaj\u0105c d\u0142oni\u0105 do szafki z herbat\u0105, odwraca\u0142a twarz w przeciwn\u0105 stron\u0119. <\/p>\n<p>Inne krzes\u0142o nie by\u0142o odstawione, bo ona zwykle opiera\u0142a si\u0119 ty\u0142em na kuchennym blacie pokrywaj\u0105cym rz\u0105d szafek, po przeciwleg\u0142ej stronie. Ta przeciwleg\u0142a strona nie by\u0142a daleko od sto\u0142u, mo\u017ce p\u00f3\u0142tora metra. Kiedy ju\u017c ogarn\u0119\u0142a kuchni\u0119 i ten ma\u0142y pok\u00f3j, to w\u0142a\u015bnie tam opiera\u0142a si\u0119, na blacie, zwr\u00f3cona w stron\u0119 sto\u0142u, i tego odstawionego na bok krzes\u0142a. I tych gazet, na stole. Do paruj\u0105cej herbaty? Sta\u0142a tak, dwadzie\u015bcia, mo\u017ce dwadzie\u015bcia pi\u0119\u0107 minut. Przecie\u017c wiedzia\u0142a, \u017ce nie wr\u00f3ci. Powiedzia\u0142 jej. Wyra\u017anie i bez w\u0105tpienia. Sta\u0142a dwadzie\u015bcia, mo\u017ce dwadzie\u015bcia pi\u0119\u0107 minut, w szumie powietrza mi\u0119dzy drobnymi ga\u0142\u0105zkami i m\u0142odymi listkami, naprzeciwko paruj\u0105cej herbaty i sto\u0142u z dwiema gazetami, <\/font><font size=\"2\">przy odstawionym na bok krze\u015ble<\/font><font size=\"2\">, w ogarni\u0119tej kuchni obok ma\u0142ego pokoiku. <br \/><\/font><\/p>\n","protected":false},"excerpt":{"rendered":"<p><font size=\"2\">Oko\u0142o &#8230;<\/p>\n","protected":false},"author":1,"featured_media":0,"comment_status":"open","ping_status":"open","sticky":false,"template":"","format":"standard","meta":{"footnotes":""},"categories":[27,909],"tags":[590,865,38,747,876],"_links":{"self":[{"href":"http:\/\/niecodziennosc.kubic.info\/index.php?rest_route=\/wp\/v2\/posts\/8101"}],"collection":[{"href":"http:\/\/niecodziennosc.kubic.info\/index.php?rest_route=\/wp\/v2\/posts"}],"about":[{"href":"http:\/\/niecodziennosc.kubic.info\/index.php?rest_route=\/wp\/v2\/types\/post"}],"author":[{"embeddable":true,"href":"http:\/\/niecodziennosc.kubic.info\/index.php?rest_route=\/wp\/v2\/users\/1"}],"replies":[{"embeddable":true,"href":"http:\/\/niecodziennosc.kubic.info\/index.php?rest_route=%2Fwp%2Fv2%2Fcomments&post=8101"}],"version-history":[{"count":1,"href":"http:\/\/niecodziennosc.kubic.info\/index.php?rest_route=\/wp\/v2\/posts\/8101\/revisions"}],"predecessor-version":[{"id":9125,"href":"http:\/\/niecodziennosc.kubic.info\/index.php?rest_route=\/wp\/v2\/posts\/8101\/revisions\/9125"}],"wp:attachment":[{"href":"http:\/\/niecodziennosc.kubic.info\/index.php?rest_route=%2Fwp%2Fv2%2Fmedia&parent=8101"}],"wp:term":[{"taxonomy":"category","embeddable":true,"href":"http:\/\/niecodziennosc.kubic.info\/index.php?rest_route=%2Fwp%2Fv2%2Fcategories&post=8101"},{"taxonomy":"post_tag","embeddable":true,"href":"http:\/\/niecodziennosc.kubic.info\/index.php?rest_route=%2Fwp%2Fv2%2Ftags&post=8101"}],"curies":[{"name":"wp","href":"https:\/\/api.w.org\/{rel}","templated":true}]}}