{"id":8104,"date":"2010-05-24T22:31:32","date_gmt":"2010-05-24T20:31:32","guid":{"rendered":"http:\/\/niecodziennosc.kubic.info\/index.php\/2010\/05\/24\/szczescie-odejsc\/"},"modified":"2010-05-24T22:31:32","modified_gmt":"2010-05-24T20:31:32","slug":"szczescie-odejsc","status":"publish","type":"post","link":"http:\/\/niecodziennosc.kubic.info\/?p=8104","title":{"rendered":"Szcz\u0119\u015bcie odej\u015b\u0107"},"content":{"rendered":"<p><font size=\"2\">Chyba to jest szcz\u0119\u015bcie &#8211; m\u00f3c odej\u015b\u0107 w chwili, kiedy wszystko zosta\u0142o pouk\u0142adane, za\u0142atwione. Wyprostowane, wyja\u015bnione. Czeg\u00f3\u017c wi\u0119cej mo\u017cna oczekiwa\u0107? Chcia\u0142bym odej\u015b\u0107 w\u0142a\u015bnie w takim momencie. Zanim nadp\u0142ynie nast\u0119pna fala spraw i problem\u00f3w do za\u0142atwienia. Niech one zostan\u0105 ju\u017c przysz\u0142ym pokoleniom. Odej\u015b\u0107 z przekonaniem, \u017ce zrobi\u0142em kawa\u0142 dobrej roboty, cho\u0107 (z pewno\u015bci\u0105), nie wszystko by\u0142o najw\u0142a\u015bciwsze i bezbolesne (dla innych). Cz\u0142owieka liczy si\u0119 nie po tym jak zaczyna, ale jak ko\u0144czy, wi\u0119c oby ten koniec&#8230; <br \/>Odej\u015b\u0107 w najlepszym momencie. <\/p>\n<p>Cz\u0142owiek powinien odej\u015b\u0107 wtedy, kiedy zyska najwi\u0119ksz\u0105 \u015bwiadomo\u015b\u0107. Tak by si\u0119 wydawa\u0142o. Bo w\u0142a\u015bnie \u015bwiadomo\u015b\u0107 jest tym, co mo\u017cna zyska\u0107; nie bardzo wierz\u0119 w kszta\u0142towanie charakteru (w gruncie rzeczy, zostajemy tacy sami), w dokonania \u017cyciowe (w stylu &#8211; odkrycie, wynalazek, ksi\u0105\u017cka, firma, most\/wie\u017cowiec, rekord Guinnessa). To, co potrafi nas zmieni\u0107, to nawet niewielka \u015bwiadomo\u015b\u0107 rzeczywisto\u015bci &#8211; ta \u015bwiadomo\u015b\u0107 jest pora\u017caj\u0105ca, bo bezdyskusyjna. <\/p>\n<p>Ale zwykle nie odchodzi si\u0119 wtedy, gdy \u015bwiadomo\u015b\u0107 najwi\u0119ksza. Przychodzi staro\u015b\u0107, zdziecinnienie, zapomnienie. Po co to? \u017beby nie \u017cal odej\u015b\u0107&#8230;? Mo\u017ce to dla mi\u0119czak\u00f3w, niepogodzonych&#8230; <\/p>\n<p><img decoding=\"async\" border=\"0\" alt=\"\" src=\"wp-content\/uploads\/2019\/03\/_MG_3537sara.jpg\" style=\"width: 500px; height: 333px;\" \/><\/p>\n<p><img decoding=\"async\" border=\"0\" alt=\"\" src=\"wp-content\/uploads\/2019\/03\/_MG_3530beni2.jpg\" style=\"width: 500px; height: 333px;\" \/><\/p>\n<p><img decoding=\"async\" border=\"0\" alt=\"\" src=\"wp-content\/uploads\/2019\/03\/_MG_3570ioana.jpg\" style=\"width: 500px; height: 333px;\" \/><\/p>\n<p>Ci na zdj\u0119ciach &#8211; zw\u0142aszcza dw\u00f3ch pierwszych &#8211; jeszcze <\/font><font size=\"2\">beztroscy, <\/font><font size=\"2\">z niewielk\u0105 \u015bwiadomo\u015bci\u0105&#8230; Kt\u00f3ra dopiero na nich czeka. To dla nich na razie nie powinienem odchodzi\u0107 \ud83d\ude09 To jest jeszcze do za\u0142atwienia&#8230; ;-))<br \/><\/font><\/p>\n","protected":false},"excerpt":{"rendered":"<p><font size=\"2\">Chyba to &#8230;<\/p>\n","protected":false},"author":1,"featured_media":0,"comment_status":"open","ping_status":"open","sticky":false,"template":"","format":"standard","meta":{"footnotes":""},"categories":[27],"tags":[607,373,676,638,186,747],"_links":{"self":[{"href":"http:\/\/niecodziennosc.kubic.info\/index.php?rest_route=\/wp\/v2\/posts\/8104"}],"collection":[{"href":"http:\/\/niecodziennosc.kubic.info\/index.php?rest_route=\/wp\/v2\/posts"}],"about":[{"href":"http:\/\/niecodziennosc.kubic.info\/index.php?rest_route=\/wp\/v2\/types\/post"}],"author":[{"embeddable":true,"href":"http:\/\/niecodziennosc.kubic.info\/index.php?rest_route=\/wp\/v2\/users\/1"}],"replies":[{"embeddable":true,"href":"http:\/\/niecodziennosc.kubic.info\/index.php?rest_route=%2Fwp%2Fv2%2Fcomments&post=8104"}],"version-history":[{"count":0,"href":"http:\/\/niecodziennosc.kubic.info\/index.php?rest_route=\/wp\/v2\/posts\/8104\/revisions"}],"wp:attachment":[{"href":"http:\/\/niecodziennosc.kubic.info\/index.php?rest_route=%2Fwp%2Fv2%2Fmedia&parent=8104"}],"wp:term":[{"taxonomy":"category","embeddable":true,"href":"http:\/\/niecodziennosc.kubic.info\/index.php?rest_route=%2Fwp%2Fv2%2Fcategories&post=8104"},{"taxonomy":"post_tag","embeddable":true,"href":"http:\/\/niecodziennosc.kubic.info\/index.php?rest_route=%2Fwp%2Fv2%2Ftags&post=8104"}],"curies":[{"name":"wp","href":"https:\/\/api.w.org\/{rel}","templated":true}]}}