{"id":8108,"date":"2010-05-03T09:36:57","date_gmt":"2010-05-03T07:36:57","guid":{"rendered":"http:\/\/niecodziennosc.kubic.info\/index.php\/2010\/05\/03\/juz-sie-nie-przejmuj-wszystko-zalatwimy\/"},"modified":"2010-05-03T09:36:57","modified_gmt":"2010-05-03T07:36:57","slug":"juz-sie-nie-przejmuj-wszystko-zalatwimy","status":"publish","type":"post","link":"http:\/\/niecodziennosc.kubic.info\/?p=8108","title":{"rendered":"Ju\u017c si\u0119 nie przejmuj, wszystko za\u0142atwimy"},"content":{"rendered":"<p><font size=\"2\">&#8211; Mam do ciebie pro\u015bb\u0119 &#8211; powiedzia\u0142 cicho. <br \/>&#8211; Tak?<br \/>&#8211; Mo\u017cemy porozmawia\u0107? &#8211; kr\u00f3tko spojrza\u0142 w stron\u0119 drzwi biura. <br \/>&#8211; Tak. <br \/>Biuro zamkni\u0119te dzisiaj. Niedziela. Korytarzem drepcz\u0105 powoli ludzie, przystan\u0119li\u015bmy wi\u0119c z boku, tu\u017c za p\u00f3\u0142eczk\u0105, zamontowan\u0105 specjalnie do tego, by d\u017awiga\u0142a listy obecno\u015bci. Bia\u0142e, obfite w\u0142osy, bia\u0142e brwi, uniesione tym bardziej, \u017ce du\u017ce, przero\u015bni\u0119te. Twarz, o wyrazie ci\u0105g\u0142ego zmartwienia, zbli\u017cy\u0142 do mnie, troch\u0119 si\u0119 pochylaj\u0105c, a skoro ni\u017cszy, to musia\u0142em pochyli\u0107 si\u0119 tym bardziej, \u017ceby dos\u0142ysze\u0107 cichy, nachalny szept. <br \/>&#8211; Za dwa tygodnie b\u0119dzie pogrzeb. <br \/>&#8211; Tak?<br \/>&#8211; Tak. Dlatego mam pro\u015bb\u0119. \u017beby\u015b mi pom\u00f3g\u0142 i si\u0119 tym zaj\u0105\u0142. <br \/>&#8211; Za dwa tygodnie?<br \/>&#8211; Za dwa tygodnie. Tak ci m\u00f3wi\u0119 wst\u0119pnie, bo jeszcze si\u0119 b\u0119dziemy widzie\u0107. <br \/>&#8211; Ale czyj pogrzeb?<br \/>&#8211; M\u00f3j. <br \/>&#8211; Na pewno? Sk\u0105d wiesz?<br \/>&#8211; Wiem. Bo ju\u017c tak nie da si\u0119 d\u0142u\u017cej. <br \/>&#8211; &#8230;<br \/>&#8211; Wi\u0119c jak, pomo\u017cesz?<br \/>&#8211; No dobrze&#8230;<br \/>&#8211; No to jeszcze si\u0119 zobaczymy. Ja dzisiaj tak wst\u0119pnie, jeszcze powiem ci co i jak. Tam trzeba b\u0119dzie otworzy\u0107 furtk\u0119, bo zamkni\u0119ta na skobel. <br \/>&#8211; To si\u0119 za\u0142atwi. <br \/>&#8211; Tam nie ma nikogo, trzeba otworzy\u0107, \u017ceby go\u015bcie mogli wej\u015b\u0107. <br \/>&#8211; Nie martw si\u0119, to wszystko zrobimy. Ty ju\u017c si\u0119 niczym nie przejmuj, wszystko b\u0119dzie jak trzeba. <br \/>Moja d\u0142o\u0144 na jego niskim, bardzo grubym ramieniu. Twarz mo\u017ce troch\u0119 mniej zmartwiona. Mo\u017ce. <br \/>Na zewn\u0105trz, dzi\u015b, jasno, prawie s\u0142o\u0144ce. Podw\u00f3rko wybrukowane czerwon\u0105 kostk\u0105. Wsiadam do samochodu.<br \/>&#8211; We\u017a mnie, musz\u0119 tam zagl\u0105dn\u0105\u0107, tam nikogo niema, czy wszystko w porz\u0105dku. <br \/>&#8211; Zosta\u0144 tu. Musisz zosta\u0107. <br \/>Na ulicy czekam chwil\u0119, a\u017c dok\u0142adnie zamknie si\u0119 automatyczna brama. <br \/><\/font><\/p>\n","protected":false},"excerpt":{"rendered":"<p><font size=\"2\">&#8211; Mam do &#8230;<\/p>\n","protected":false},"author":1,"featured_media":0,"comment_status":"open","ping_status":"open","sticky":false,"template":"","format":"standard","meta":{"footnotes":""},"categories":[50],"tags":[],"_links":{"self":[{"href":"http:\/\/niecodziennosc.kubic.info\/index.php?rest_route=\/wp\/v2\/posts\/8108"}],"collection":[{"href":"http:\/\/niecodziennosc.kubic.info\/index.php?rest_route=\/wp\/v2\/posts"}],"about":[{"href":"http:\/\/niecodziennosc.kubic.info\/index.php?rest_route=\/wp\/v2\/types\/post"}],"author":[{"embeddable":true,"href":"http:\/\/niecodziennosc.kubic.info\/index.php?rest_route=\/wp\/v2\/users\/1"}],"replies":[{"embeddable":true,"href":"http:\/\/niecodziennosc.kubic.info\/index.php?rest_route=%2Fwp%2Fv2%2Fcomments&post=8108"}],"version-history":[{"count":0,"href":"http:\/\/niecodziennosc.kubic.info\/index.php?rest_route=\/wp\/v2\/posts\/8108\/revisions"}],"wp:attachment":[{"href":"http:\/\/niecodziennosc.kubic.info\/index.php?rest_route=%2Fwp%2Fv2%2Fmedia&parent=8108"}],"wp:term":[{"taxonomy":"category","embeddable":true,"href":"http:\/\/niecodziennosc.kubic.info\/index.php?rest_route=%2Fwp%2Fv2%2Fcategories&post=8108"},{"taxonomy":"post_tag","embeddable":true,"href":"http:\/\/niecodziennosc.kubic.info\/index.php?rest_route=%2Fwp%2Fv2%2Ftags&post=8108"}],"curies":[{"name":"wp","href":"https:\/\/api.w.org\/{rel}","templated":true}]}}