{"id":8109,"date":"2010-05-01T11:08:02","date_gmt":"2010-05-01T09:08:02","guid":{"rendered":"http:\/\/niecodziennosc.kubic.info\/index.php\/2010\/05\/01\/polecam\/"},"modified":"2010-05-01T11:08:02","modified_gmt":"2010-05-01T09:08:02","slug":"polecam","status":"publish","type":"post","link":"http:\/\/niecodziennosc.kubic.info\/?p=8109","title":{"rendered":"polecam"},"content":{"rendered":"<p><font size=\"2\">Zobaczcie <a href=\"http:\/\/www.worldpressphoto.org\/index.php?option=com_photogallery&#038;task=view&#038;id=1754&#038;Itemid=257&#038;type=&#038;selectedIndex=0&#038;bandwidth=low\">fotoreporta\u017c<\/a> o niewidomym dziecku pochodz\u0105cym z sieroci\u0144ca w Indiach, adoptowanym przez ameryka\u0144sk\u0105 rodzin\u0119, w kt\u00f3rej ojciec r\u00f3wnie\u017c jest niewidomy i postanowi\u0142 przekaza\u0107 swoje umiej\u0119tno\u015bci \u017cycia adoptowanemu synowi.\u00a0<\/font><\/p>\n","protected":false},"excerpt":{"rendered":"<p><font size=\"2\">Zobaczcie&#8230;<\/p>\n","protected":false},"author":1,"featured_media":0,"comment_status":"open","ping_status":"open","sticky":false,"template":"","format":"standard","meta":{"footnotes":""},"categories":[24],"tags":[339,638],"_links":{"self":[{"href":"http:\/\/niecodziennosc.kubic.info\/index.php?rest_route=\/wp\/v2\/posts\/8109"}],"collection":[{"href":"http:\/\/niecodziennosc.kubic.info\/index.php?rest_route=\/wp\/v2\/posts"}],"about":[{"href":"http:\/\/niecodziennosc.kubic.info\/index.php?rest_route=\/wp\/v2\/types\/post"}],"author":[{"embeddable":true,"href":"http:\/\/niecodziennosc.kubic.info\/index.php?rest_route=\/wp\/v2\/users\/1"}],"replies":[{"embeddable":true,"href":"http:\/\/niecodziennosc.kubic.info\/index.php?rest_route=%2Fwp%2Fv2%2Fcomments&post=8109"}],"version-history":[{"count":0,"href":"http:\/\/niecodziennosc.kubic.info\/index.php?rest_route=\/wp\/v2\/posts\/8109\/revisions"}],"wp:attachment":[{"href":"http:\/\/niecodziennosc.kubic.info\/index.php?rest_route=%2Fwp%2Fv2%2Fmedia&parent=8109"}],"wp:term":[{"taxonomy":"category","embeddable":true,"href":"http:\/\/niecodziennosc.kubic.info\/index.php?rest_route=%2Fwp%2Fv2%2Fcategories&post=8109"},{"taxonomy":"post_tag","embeddable":true,"href":"http:\/\/niecodziennosc.kubic.info\/index.php?rest_route=%2Fwp%2Fv2%2Ftags&post=8109"}],"curies":[{"name":"wp","href":"https:\/\/api.w.org\/{rel}","templated":true}]}}