{"id":8127,"date":"2010-04-06T20:26:53","date_gmt":"2010-04-06T18:26:53","guid":{"rendered":"http:\/\/niecodziennosc.kubic.info\/index.php\/2010\/04\/06\/powracamy-na-ziemie\/"},"modified":"2019-05-05T01:42:20","modified_gmt":"2019-05-04T23:42:20","slug":"powracamy-na-ziemie","status":"publish","type":"post","link":"http:\/\/niecodziennosc.kubic.info\/?p=8127","title":{"rendered":"Powracamy na ziemi\u0119&#8230;"},"content":{"rendered":"<p><font size=\"2\">Wczoraj w nocy &#8211; torby spakowane, samoch\u00f3d spakowany&#8230; Ca\u0142a rodzina mia\u0142a mnie opu\u015bci\u0107 dzi\u015b rano na prawie tydzie\u0144. Pow\u00f3d wyjazdu &#8211; praca t\u0142umaczenia Ioany. <\/p>\n<p>W nocy &#8211; kaszel Sary, d\u0142ugo nie mog\u0142a przesta\u0107. Poprzedniej nocy &#8211; te\u017c troch\u0119 kaszlu. Dzi\u015b przed wyjazdem &#8211; do lekarza. I&#8230; zmiany w oskrzelach, w p\u0142ucu&#8230; Zmiana plan\u00f3w. <\/p>\n<p>Jeszcze liczy\u0142em na zwolnienie lekarskie, i \u017ce zostan\u0119 sam z c\u00f3rk\u0105 na kilka dni. A jednak&#8230; W g\u0105szczu argument\u00f3w zg\u0142aszanych przez kobiety&#8230; Z kt\u00f3rych jeden brzmia\u0142: a jak ci spadnie cukier, to kto ci\u0119 b\u0119dzie ratowa\u0142&#8230; a dziecko na twojej opiece&#8230; Powiedzia\u0142em: dziecko b\u0119dzie mnie ratowa\u0107, ono ma zapalenie oskrzeli a ja cukrzyc\u0119, to sobie poradzimy. Tym argumentem pogrzeba\u0142em swoje szanse&#8230; <\/p>\n<p>Jeszcze: wizyta u lekarza podnios\u0142a mi ci\u015bnienie. Lekarka:<br \/>&#8211; Mo\u017ce nast\u0105pi\u0107 spore pogorszenie stanu dziecka. <br \/>&#8211; Jakie mog\u0105 by\u0107 tego objawy &#8211; spyta\u0142a Ioana, nie\u017ale wystraszona niespodziewan\u0105 diagnoz\u0105, szybk\u0105 zmian\u0105 plan\u00f3w, za\u0142atwianiem zast\u0119pstwa za siebie. <br \/>&#8211; To pani nie wie? Pierwszy raz ma dziecko zapalenie? &#8211; lekarka z pretensj\u0105 w g\u0142osie. <br \/>No dobrze, mo\u017cna wys\u0142ucha\u0107 napomnienia. Ale co z tymi objawami? Cisza. Dociera do mnie, \u017ce nie us\u0142yszymy tego od niej. Zaczynam si\u0119 zastanawia\u0107, dlaczego. Zm\u0119czona, zdenerwowana? Przecie\u017c pracuje dopiero drug\u0105 godzin\u0119 po \u015bwi\u0119tach. Mo\u017ce nie wie? W takim razie lepiej nie pyta\u0107. Mo\u017ce tak oczywiste, \u017ce nie chce strz\u0119pi\u0107 j\u0119zyka na takie g\u0142upoty, powinni\u015bmy sami wiedzie\u0107. Mo\u017ce wi\u0119c w internecie si\u0119 znajdzie, mo\u017ce jaka\u015b encyklopedia. My\u015bl\u0119 tak sobie i narasta we mnie w\u015bciek\u0142o\u015b\u0107. Pytam w ko\u0144cu oschle:<br \/>&#8211; To jakie mog\u0105 by\u0107 te objawy?<br \/>&#8211; Wymioty, gor\u0105czka. <\/p>\n<p>Jest w tym jakie\u015b nieporozumienie. Chcia\u0142bym wiedzie\u0107 &#8211; jakie. Nie chc\u0119 konflikt\u00f3w w gabinecie. A mo\u017ce to taki styl po prostu. Trzeba pyta\u0107 do skutku i tyle. <br \/><\/font><\/p>\n","protected":false},"excerpt":{"rendered":"<p><font size=\"2\">Wczoraj w&#8230;<\/p>\n","protected":false},"author":1,"featured_media":0,"comment_status":"open","ping_status":"open","sticky":false,"template":"","format":"standard","meta":{"footnotes":""},"categories":[50,909],"tags":[373,38,638,675],"_links":{"self":[{"href":"http:\/\/niecodziennosc.kubic.info\/index.php?rest_route=\/wp\/v2\/posts\/8127"}],"collection":[{"href":"http:\/\/niecodziennosc.kubic.info\/index.php?rest_route=\/wp\/v2\/posts"}],"about":[{"href":"http:\/\/niecodziennosc.kubic.info\/index.php?rest_route=\/wp\/v2\/types\/post"}],"author":[{"embeddable":true,"href":"http:\/\/niecodziennosc.kubic.info\/index.php?rest_route=\/wp\/v2\/users\/1"}],"replies":[{"embeddable":true,"href":"http:\/\/niecodziennosc.kubic.info\/index.php?rest_route=%2Fwp%2Fv2%2Fcomments&post=8127"}],"version-history":[{"count":1,"href":"http:\/\/niecodziennosc.kubic.info\/index.php?rest_route=\/wp\/v2\/posts\/8127\/revisions"}],"predecessor-version":[{"id":9132,"href":"http:\/\/niecodziennosc.kubic.info\/index.php?rest_route=\/wp\/v2\/posts\/8127\/revisions\/9132"}],"wp:attachment":[{"href":"http:\/\/niecodziennosc.kubic.info\/index.php?rest_route=%2Fwp%2Fv2%2Fmedia&parent=8127"}],"wp:term":[{"taxonomy":"category","embeddable":true,"href":"http:\/\/niecodziennosc.kubic.info\/index.php?rest_route=%2Fwp%2Fv2%2Fcategories&post=8127"},{"taxonomy":"post_tag","embeddable":true,"href":"http:\/\/niecodziennosc.kubic.info\/index.php?rest_route=%2Fwp%2Fv2%2Ftags&post=8127"}],"curies":[{"name":"wp","href":"https:\/\/api.w.org\/{rel}","templated":true}]}}