{"id":8139,"date":"2010-03-24T19:53:17","date_gmt":"2010-03-24T18:53:17","guid":{"rendered":"http:\/\/niecodziennosc.kubic.info\/index.php\/2010\/03\/24\/sciezka-czasu\/"},"modified":"2019-05-05T01:42:21","modified_gmt":"2019-05-04T23:42:21","slug":"sciezka-czasu","status":"publish","type":"post","link":"http:\/\/niecodziennosc.kubic.info\/?p=8139","title":{"rendered":"\u015acie\u017cka czasu"},"content":{"rendered":"<p><font size=\"2\">\u015anieg pada na moj\u0105 g\u0142ow\u0119, ramiona, niczym konfetti. Tak samo lekki, nie tak ch\u0142odny tym razem. Przymykaj\u0105c oczy czuj\u0119 go na skroni. Wdech powietrza, mam wra\u017cenie, jakbym m\u00f3g\u0142 policzy\u0107 cz\u0105steczki powietrza wpadaj\u0105ce mi do nozdrzy.<\/p>\n<p>Gdzie jeste\u015b&#8230;<\/p>\n<p>Konieczno\u015b\u0107 podejmowania decyzji&#8230; gdy by\u0142em dzieckiem, zdawa\u0142a si\u0119 czym\u015b wymarzonym. Teraz mam jej przesyt. Konieczno\u015b\u0107 oczekiwania &#8211; na odp\u0142yw emocji, na rozw\u00f3j sytuacji, na przebieg czasu, kt\u00f3ry wiele wyja\u015bni. Gdyby tak mo\u017cna skoczy\u0107 od razu na koniec \u015bwiata i zobaczy\u0107, do czego to wszystko doprowadzi. Lecz nie da si\u0119. Trzeba przetrwa\u0107, prze\u017cy\u0107, przeczeka\u0107 ka\u017cd\u0105 minut\u0119 \u017cycia, do\u015bwiadczy\u0107 jej sekunda po sekundzie, z ka\u017cd\u0105 przebiegaj\u0105c\u0105 m\u00f3zg my\u015bl\u0105, drgnieniem uczu\u0107&#8230; Kt\u00f3rych nie da si\u0119 omin\u0105\u0107. Ka\u017cdym s\u0142owem, dotkni\u0119ciem, u\u015bciskiem. To wij\u0105ca si\u0119 wraz z czasem \u015bcie\u017cka, kt\u00f3r\u0105 przebieg zdarze\u0144 wypala w naszych g\u0142owach&#8230; \u015acie\u017cka, czasem biegn\u0105ca lekko, jak bosa dziewczyna po wiosennej \u0142\u0105ce. Czasem jak te trawy, wypalane, z b\u00f3lem, pozostawia pogorzelisko.<\/p>\n<p>Czy mnie rozumiesz..?<\/p>\n<p>Unik, zw\u00f3d, udawanie, ignorowanie &#8211; to odruchy obronne. To, co kiedy\u015b u innych doprowadza\u0142o mnie do rozpaczy i w\u015bciek\u0142o\u015bci, odzywa si\u0119 w ko\u0144cu i u mnie. Przera\u017caj\u0105ce, bo teraz trzeba im wybaczy\u0107, i przyzna\u0107, \u017ce nie mam prawa ani do pot\u0119pienia ani do stosowania tych samych metod. <\/p>\n<p>Co dla Ciebie znacz\u0119?<\/p>\n<p>Gdyby tak dobrze zastanowi\u0107 si\u0119 nad tym, jakie decyzje nale\u017cy podj\u0105\u0107, to oka\u017ce si\u0119, \u017ce wi\u0119kszo\u015b\u0107 z nich ju\u017c sama si\u0119 podj\u0119\u0142a. To znaczy podj\u0119li\u015bmy je my sami, dawno temu, tylko \u017ce wtedy jeszcze nie zdawali\u015bmy sobie sprawy. <\/p>\n<p>A mo\u017ce po prostu, zn\u00f3w&#8230; za ma\u0142o spa\u0142em. I \u015bwiat wyda\u0142by si\u0119 prostszy&#8230;<br \/><\/font><\/p>\n","protected":false},"excerpt":{"rendered":"<p><font size=\"2\">\u015anieg &#8230;<\/p>\n","protected":false},"author":1,"featured_media":0,"comment_status":"open","ping_status":"open","sticky":false,"template":"","format":"standard","meta":{"footnotes":""},"categories":[27,909],"tags":[108,324,373,38],"_links":{"self":[{"href":"http:\/\/niecodziennosc.kubic.info\/index.php?rest_route=\/wp\/v2\/posts\/8139"}],"collection":[{"href":"http:\/\/niecodziennosc.kubic.info\/index.php?rest_route=\/wp\/v2\/posts"}],"about":[{"href":"http:\/\/niecodziennosc.kubic.info\/index.php?rest_route=\/wp\/v2\/types\/post"}],"author":[{"embeddable":true,"href":"http:\/\/niecodziennosc.kubic.info\/index.php?rest_route=\/wp\/v2\/users\/1"}],"replies":[{"embeddable":true,"href":"http:\/\/niecodziennosc.kubic.info\/index.php?rest_route=%2Fwp%2Fv2%2Fcomments&post=8139"}],"version-history":[{"count":1,"href":"http:\/\/niecodziennosc.kubic.info\/index.php?rest_route=\/wp\/v2\/posts\/8139\/revisions"}],"predecessor-version":[{"id":9139,"href":"http:\/\/niecodziennosc.kubic.info\/index.php?rest_route=\/wp\/v2\/posts\/8139\/revisions\/9139"}],"wp:attachment":[{"href":"http:\/\/niecodziennosc.kubic.info\/index.php?rest_route=%2Fwp%2Fv2%2Fmedia&parent=8139"}],"wp:term":[{"taxonomy":"category","embeddable":true,"href":"http:\/\/niecodziennosc.kubic.info\/index.php?rest_route=%2Fwp%2Fv2%2Fcategories&post=8139"},{"taxonomy":"post_tag","embeddable":true,"href":"http:\/\/niecodziennosc.kubic.info\/index.php?rest_route=%2Fwp%2Fv2%2Ftags&post=8139"}],"curies":[{"name":"wp","href":"https:\/\/api.w.org\/{rel}","templated":true}]}}