{"id":8141,"date":"2010-03-21T23:06:49","date_gmt":"2010-03-21T22:06:49","guid":{"rendered":"http:\/\/niecodziennosc.kubic.info\/index.php\/2010\/03\/21\/niedziela-popoludnie\/"},"modified":"2010-03-21T23:06:49","modified_gmt":"2010-03-21T22:06:49","slug":"niedziela-popoludnie","status":"publish","type":"post","link":"http:\/\/niecodziennosc.kubic.info\/?p=8141","title":{"rendered":"Niedziela popo\u0142udnie"},"content":{"rendered":"<p><font size=\"2\"><img decoding=\"async\" border=\"0\" src=\"wp-content\/uploads\/2019\/03\/_MG_0226fotPiotrKubic.jpg\" alt=\"\" \/><\/p>\n<p><\/font><font size=\"2\">W niedziel\u0119, przed godzin\u0105 trzynast\u0105, wracamy z nabo\u017ce\u0144stwa. Tak i dzisiaj, tylko \u017ce rodzice wr\u00f3cili p\u00f3\u0142 godziny wcze\u015bniej. Zapowiada\u0142o si\u0119 zwyk\u0142e niedzielne popo\u0142udnie, z kt\u00f3rym czasem nie wiadomo, co zrobi\u0107. Jak to nie wiadomo? Nic nie robi\u0107! Wy\u0142\u0105czy\u0107 internet, nie odpowiada\u0107 na telefony, nie nadrabia\u0107 zaleg\u0142o\u015bci w pracy, poza prac\u0105 itd. Po prostu popatrze\u0107 w oczy dzieciom i \u017conie. <\/p>\n<p>Nie\u015bmia\u0142o pukaj\u0105c wkroczy\u0142 do nas tata. Czy mog\u0119 wyj\u015b\u0107 z nim? Zasta\u0142 mnie w trakcie przebierania, marynarka by\u0142a ju\u017c na wieszaku, ubiera\u0142em w\u0142a\u015bnie moje ulubione, domowe \u0142achmany. Ach, wytarte spodnie i dziurawe swetry!<\/p>\n<p>Do rzeczy. Tata chcia\u0142, \u017cebym przyni\u00f3s\u0142 z nim garnek z wod\u0105. Z wod\u0105? Bo nie ma wody! Ojciec w ci\u0105gu tej p\u00f3\u0142 godziny przywi\u00f3z\u0142 ju\u017c wod\u0119 w garnkach. Przywi\u00f3z\u0142 wraz z wiadomo\u015bci\u0105, \u017ce &quot;dzisiaj tego nie naprawi\u0105&quot;. Hm&#8230; mo\u017ce stwierdzili, \u017ce skoro bez pr\u0105du potrafimy \u017cy\u0107 par\u0119 dni, to bez wody jeden dzie\u0144 obejdzie. I to jest w\u0142a\u015bnie post\u0119p. <\/p>\n<p>Uwaga! Wod\u0119 w garnkach wozi si\u0119 samochodem, ale tak, \u017ce do tych garnk\u00f3w wk\u0142ada si\u0119 najpierw worki, np. na \u015bmieci, i dopiero leje wod\u0119. Worek potem si\u0119 zawi\u0105zuje i garnek wk\u0142ada do auta. No chyba \u017ce kto\u015b ma zamykane baniaki. <\/p>\n<p>W domu to wygl\u0105da tak. Do picia i gotowania &#8211; woda mineralna z butelek. Do innych rob\u00f3t &#8211; woda z garnk\u00f3w. Mycie naczy\u0144 oczywi\u015bcie w miskach. Mycie si\u0119 &#8211; po podgrzaniu wody na gazie. Woda zamiast do zlewu &#8211; idzie do pojemnik\u00f3w a z nich &#8211; do wiadra w ubikacji, \u017ceby sp\u0142ukiwa\u0107. To ca\u0142y logiczny proces, sprawdzony i dzia\u0142aj\u0105cy, co w tej sytuacji daje poczucie bezpiecze\u0144stwa i spokoju. <\/p>\n<p>Z Sar\u0105 ogl\u0105damy <span style=\"font-style: italic;\">Wielkie konstrukcje <\/span>na Discovery. Usypiam przy najwi\u0119kszym mo\u015bcie \u015bwiata, przez sen czuj\u0119, jak c\u00f3rka okrywa mnie kocem i wy\u0142\u0105cza telewizor. Czy poca\u0142owa\u0142a mnie jeszcze? Przyznam, \u017ce ju\u017c nie pami\u0119tam&#8230;<\/p>\n<p><img decoding=\"async\" border=\"0\" alt=\"\" src=\"wp-content\/uploads\/2019\/03\/_MG_0189fotPiotrKubic.jpg\" \/><br \/><\/font><\/p>\n","protected":false},"excerpt":{"rendered":"<p><font size=\"2\"><img ...\n<\/p>\n","protected":false},"author":1,"featured_media":0,"comment_status":"open","ping_status":"open","sticky":false,"template":"","format":"standard","meta":{"footnotes":""},"categories":[50],"tags":[34,373,638],"_links":{"self":[{"href":"http:\/\/niecodziennosc.kubic.info\/index.php?rest_route=\/wp\/v2\/posts\/8141"}],"collection":[{"href":"http:\/\/niecodziennosc.kubic.info\/index.php?rest_route=\/wp\/v2\/posts"}],"about":[{"href":"http:\/\/niecodziennosc.kubic.info\/index.php?rest_route=\/wp\/v2\/types\/post"}],"author":[{"embeddable":true,"href":"http:\/\/niecodziennosc.kubic.info\/index.php?rest_route=\/wp\/v2\/users\/1"}],"replies":[{"embeddable":true,"href":"http:\/\/niecodziennosc.kubic.info\/index.php?rest_route=%2Fwp%2Fv2%2Fcomments&post=8141"}],"version-history":[{"count":0,"href":"http:\/\/niecodziennosc.kubic.info\/index.php?rest_route=\/wp\/v2\/posts\/8141\/revisions"}],"wp:attachment":[{"href":"http:\/\/niecodziennosc.kubic.info\/index.php?rest_route=%2Fwp%2Fv2%2Fmedia&parent=8141"}],"wp:term":[{"taxonomy":"category","embeddable":true,"href":"http:\/\/niecodziennosc.kubic.info\/index.php?rest_route=%2Fwp%2Fv2%2Fcategories&post=8141"},{"taxonomy":"post_tag","embeddable":true,"href":"http:\/\/niecodziennosc.kubic.info\/index.php?rest_route=%2Fwp%2Fv2%2Ftags&post=8141"}],"curies":[{"name":"wp","href":"https:\/\/api.w.org\/{rel}","templated":true}]}}