{"id":8147,"date":"2010-03-11T23:51:49","date_gmt":"2010-03-11T22:51:49","guid":{"rendered":"http:\/\/niecodziennosc.kubic.info\/index.php\/2010\/03\/11\/migawka-ii-miastowy-cham\/"},"modified":"2010-03-11T23:51:49","modified_gmt":"2010-03-11T22:51:49","slug":"migawka-ii-miastowy-cham","status":"publish","type":"post","link":"http:\/\/niecodziennosc.kubic.info\/?p=8147","title":{"rendered":"Migawka II &#8211; &#8222;miastowy cham&#8221;"},"content":{"rendered":"<p><font size=\"2\">Apteka w ma\u0142ym miasteczku. Druga w kolejce &#8211; drobna, starsza kobieta, w wieku oko\u0142o 60-70 lat, ubrana po wiejsku, <\/font><font size=\"2\">z chustk\u0105 na g\u0142owie<\/font><font size=\"2\">, z delikatnym zarysem gustu ukrytym w wi\u015bniowym p\u0142aszczu. Trzeci w kolejce &#8211; m\u0119\u017cczyzna lat oko\u0142o trzydziestu pi\u0119ciu. Dwie kobiety, w wieku oko\u0142o 50 lat, na ko\u0144cu. Otwiera si\u0119 druga kasa: <br \/>&#8211; Prosz\u0119!<br \/>M\u0119\u017cczyzna robi gest do stoj\u0105cej przed nim kobiety.<br \/>&#8211; Prosz\u0119, niech pani podejdzie.<br \/>Zanim jednak ko\u0144czy \u00f3w gest, kobieta z ko\u0144ca kolejki jest ju\u017c przy wolnej kasie. <br \/>&#8211; Przepraszam, ale ta pani by\u0142a wcze\u015bniej &#8211; m\u00f3wi m\u0119\u017cczyzna.<br \/>&#8211; Ale nikt nie podchodzi &#8211; ripostuje kobieta. <br \/>&#8211; Mo\u017ce trzeba da\u0107 komu\u015b troch\u0119 czasu.<br \/>&#8211; Ale si\u0119 pan znalaz\u0142 dok\u0142adny &#8211; marudzi kobieta, ale wraca na koniec kolejki. Sprawa ucich\u0142aby, gdyby nie odg\u0142osy niezadowolenia, dobiegaj\u0105ce od dw\u00f3ch ostatnich kobiet. Sprawa ucich\u0142aby r\u00f3wnie\u017c, gdyby \u00f3w m\u0119\u017cczyzna pu\u015bci\u0142 je mimo uszu. Ale nie pu\u015bci\u0142, bo by\u0142y na jego temat, bo troch\u0119 miesza\u0142y go z b\u0142otem, a on akurat nie mia\u0142 dnia do cierpliwo\u015bci. <br \/>&#8211; Szanowne panie &#8211; odwr\u00f3ci\u0142 si\u0119 &#8211; c\u00f3\u017c to za kultura? C\u00f3\u017c to ma znaczy\u0107? Czy to tak si\u0119 u nas traktuje ludzi?<br \/>&#8211; A pan co, z Warszawy przyjecha\u0142?<br \/>&#8211; Ja tutaj mieszkam od urodzenia &#8211; \u017cachn\u0105\u0142 si\u0119, jakby s\u0142owo &quot;Warszawiak&quot; by\u0142o obra\u017aliwe.<br \/>&#8211; To co si\u0119 pan tak dziwi? Trzeba podchodzi\u0107, ja te\u017c stoj\u0119 w kolejce. <br \/>&#8211; Dziwi\u0119 si\u0119. Bo pani stoi, ale na ko\u0144cu. A przecie\u017c ta kobieta jest starsza ni\u017c panie obie. Stoi cierpliwie, nie pcha si\u0119. Czy nie trzeba popatrze\u0107 troch\u0119 na innych? To ludzie ze wsi maj\u0105 wi\u0119cej kultury. <br \/>&#8211; Znalaz\u0142 si\u0119 miastowy cham. <\/p>\n<p>Je\u015bli tak, to zaszczyt by\u0107 chamem \ud83d\ude09 A niechby i miastowym. <br \/><\/font><\/p>\n","protected":false},"excerpt":{"rendered":"<p><font size=\"2\">Apteka w &#8230;<\/p>\n","protected":false},"author":1,"featured_media":0,"comment_status":"open","ping_status":"open","sticky":false,"template":"","format":"standard","meta":{"footnotes":""},"categories":[22],"tags":[],"_links":{"self":[{"href":"http:\/\/niecodziennosc.kubic.info\/index.php?rest_route=\/wp\/v2\/posts\/8147"}],"collection":[{"href":"http:\/\/niecodziennosc.kubic.info\/index.php?rest_route=\/wp\/v2\/posts"}],"about":[{"href":"http:\/\/niecodziennosc.kubic.info\/index.php?rest_route=\/wp\/v2\/types\/post"}],"author":[{"embeddable":true,"href":"http:\/\/niecodziennosc.kubic.info\/index.php?rest_route=\/wp\/v2\/users\/1"}],"replies":[{"embeddable":true,"href":"http:\/\/niecodziennosc.kubic.info\/index.php?rest_route=%2Fwp%2Fv2%2Fcomments&post=8147"}],"version-history":[{"count":0,"href":"http:\/\/niecodziennosc.kubic.info\/index.php?rest_route=\/wp\/v2\/posts\/8147\/revisions"}],"wp:attachment":[{"href":"http:\/\/niecodziennosc.kubic.info\/index.php?rest_route=%2Fwp%2Fv2%2Fmedia&parent=8147"}],"wp:term":[{"taxonomy":"category","embeddable":true,"href":"http:\/\/niecodziennosc.kubic.info\/index.php?rest_route=%2Fwp%2Fv2%2Fcategories&post=8147"},{"taxonomy":"post_tag","embeddable":true,"href":"http:\/\/niecodziennosc.kubic.info\/index.php?rest_route=%2Fwp%2Fv2%2Ftags&post=8147"}],"curies":[{"name":"wp","href":"https:\/\/api.w.org\/{rel}","templated":true}]}}