{"id":8153,"date":"2010-02-28T00:23:49","date_gmt":"2010-02-27T23:23:49","guid":{"rendered":"http:\/\/niecodziennosc.kubic.info\/index.php\/2010\/02\/28\/beniamin-2\/"},"modified":"2010-02-28T00:23:49","modified_gmt":"2010-02-27T23:23:49","slug":"beniamin-2","status":"publish","type":"post","link":"http:\/\/niecodziennosc.kubic.info\/?p=8153","title":{"rendered":"Beniamin"},"content":{"rendered":"<p><font size=\"2\">P\u0142aka\u0142e\u015b tygodniami, w przerwach mi\u0119dzy snem i karmieniem. Pami\u0119tam ten pierwszy raz, gdy przebudzi\u0142e\u015b si\u0119, popatrzy\u0142e\u015b na nas, i zamiast wykrzywi\u0107 usta w podk\u00f3wk\u0119, rozci\u0105gn\u0105\u0142e\u015b je w szerokim u\u015bmiechu. I cho\u0107 p\u0142aka\u0142e\u015b jeszcze przez nast\u0119pne dni, to ten u\u015bmiech ci pozosta\u0142. I wydaje mi si\u0119, \u017ce ju\u017c zostanie. Gdybym m\u00f3g\u0142 mie\u0107 takie \u017cyczenie, \u017ce kiedy b\u0119dziesz mnie \u017cegna\u0142, a ja ju\u017c nie b\u0119d\u0119 m\u00f3g\u0142 ciebie zobaczy\u0107 to u\u015bmiechnij si\u0119 tym samym u\u015bmiechem. Dobrze?<\/p>\n<p><img decoding=\"async\" border=\"0\" alt=\"\" src=\"wp-content\/uploads\/2019\/03\/_MG_8937.jpg\" \/><\/p>\n<p>Teraz twoja twarz zdradza ka\u017cd\u0105 twoj\u0105 my\u015bl, ka\u017cde wra\u017cenie. I musz\u0105 by\u0107 one weso\u0142e, bo \u015bmiejesz bardzo cz\u0119sto. Opr\u00f3cz u\u015bmiech\u00f3w wida\u0107 fascynacj\u0119 tym, co widzisz wok\u00f3\u0142. I zamy\u015blenie. Gdy siedzisz naprzeciwko okna, wpatrzony w niebo, albo patrzysz gdzie\u015b w dal. Gdy s\u0142uchasz muzyki &#8211; sam w pokoju. Jeste\u015b cz\u0119sto zaj\u0119ty swoimi my\u015blami. Wiesz, czego chcesz, prosisz o to, walczysz. I m\u00f3wisz &#8211; czasem bez przerwy, nie bacz\u0105c na s\u0142owa, za to &#8211; z pe\u0142n\u0105 intonacj\u0105, ze zdziwieniem, zapytaniem, ciekawo\u015bci\u0105. <\/p>\n<p>Z\u0142o\u015bcisz si\u0119, a jak\u017ce. Nieprzeci\u0119tnie, z wrzaskiem przera\u017aliwym, pe\u0142nym \u017calu. Walczysz, szarpiesz si\u0119. Lecz umiesz zrozumie\u0107, mo\u017cna ci\u0119 przekona\u0107. Przytulasz si\u0119 wtedy, szloch szarpie twoj\u0105 pier\u015b, ale coraz wolniej. <\/p>\n<p>W twoich ruchach masz to, co bardzo lubi\u0119 &#8211; szybko\u015b\u0107 po\u0142\u0105czon\u0105 z \u0142agodno\u015bci\u0105, zgrabno\u015bci\u0105 i elegancj\u0105. M\u00f3wi\u0105c kr\u00f3tko i banalnie &#8211; jeste\u015b pi\u0119kny. <br \/><\/font><\/p>\n","protected":false},"excerpt":{"rendered":"<p><font size=\"2\">P\u0142aka\u0142e\u015b &#8230;<\/p>\n","protected":false},"author":1,"featured_media":0,"comment_status":"open","ping_status":"open","sticky":false,"template":"","format":"standard","meta":{"footnotes":""},"categories":[179],"tags":[373,877,895,638,876],"_links":{"self":[{"href":"http:\/\/niecodziennosc.kubic.info\/index.php?rest_route=\/wp\/v2\/posts\/8153"}],"collection":[{"href":"http:\/\/niecodziennosc.kubic.info\/index.php?rest_route=\/wp\/v2\/posts"}],"about":[{"href":"http:\/\/niecodziennosc.kubic.info\/index.php?rest_route=\/wp\/v2\/types\/post"}],"author":[{"embeddable":true,"href":"http:\/\/niecodziennosc.kubic.info\/index.php?rest_route=\/wp\/v2\/users\/1"}],"replies":[{"embeddable":true,"href":"http:\/\/niecodziennosc.kubic.info\/index.php?rest_route=%2Fwp%2Fv2%2Fcomments&post=8153"}],"version-history":[{"count":0,"href":"http:\/\/niecodziennosc.kubic.info\/index.php?rest_route=\/wp\/v2\/posts\/8153\/revisions"}],"wp:attachment":[{"href":"http:\/\/niecodziennosc.kubic.info\/index.php?rest_route=%2Fwp%2Fv2%2Fmedia&parent=8153"}],"wp:term":[{"taxonomy":"category","embeddable":true,"href":"http:\/\/niecodziennosc.kubic.info\/index.php?rest_route=%2Fwp%2Fv2%2Fcategories&post=8153"},{"taxonomy":"post_tag","embeddable":true,"href":"http:\/\/niecodziennosc.kubic.info\/index.php?rest_route=%2Fwp%2Fv2%2Ftags&post=8153"}],"curies":[{"name":"wp","href":"https:\/\/api.w.org\/{rel}","templated":true}]}}