{"id":8158,"date":"2010-02-17T23:54:15","date_gmt":"2010-02-17T22:54:15","guid":{"rendered":"http:\/\/niecodziennosc.kubic.info\/index.php\/2010\/02\/17\/ostatnie-narzekania\/"},"modified":"2010-02-17T23:54:15","modified_gmt":"2010-02-17T22:54:15","slug":"ostatnie-narzekania","status":"publish","type":"post","link":"http:\/\/niecodziennosc.kubic.info\/?p=8158","title":{"rendered":"Ostatnie narzekania"},"content":{"rendered":"<p><font size=\"2\">W poprzednim wpisie zapowiada\u0142em, \u017ce napisz\u0119 co\u015b o walce o umieszczenie artyku\u0142u w jednym z dziennik\u00f3w krakowskich. Napisa\u0142em <a href=\"http:\/\/www.mmkrakow.pl\/blog\/entry\/2376\/Pisz+artyku%C5%82y!!!+Tylko+co+dalej.html\">tutaj, je\u015bli chcecie &#8211; przeczytajcie<\/a>. <\/p>\n<p>Pisz\u0105c kr\u00f3tko i ju\u017c z wi\u0119kszej perspektywy &#8211; zrobi\u0142em to z premedytacj\u0105 &#8211; \u017ce pr\u00f3bowa\u0142em zaproponowa\u0107 tekst krakowskiej Wyborczej. Zrobi\u0142em to, aby zorientowa\u0107 si\u0119, jak to si\u0119 u nich kr\u0119ci. Ale, jak to czasem bywa gdy robi si\u0119 eksperyment, jego wynik zaskakuje, wr\u0119cz powala, zabija samego eksperymentatora. Podobnie by\u0142o tym razem. <\/p>\n<p>Temat by\u0142 bardzo dobry i zas\u0142ugiwa\u0142 na publikacj\u0119 nie w lokalnej gazecie, ale takiej obejmuj\u0105cej przynajmniej p\u00f3\u0142 Polski. Dlaczego jestem tego pewien? Bo kilka lat temu by\u0142 ju\u017c ten sam problem, i pisa\u0142 o nim nie tylko Dziennik Polski, ale i Newsweek. Sam tekst by\u0142 dobrze napisany, nie by\u0142o si\u0119 czego przyczepi\u0107 ani wstydzi\u0107. Prawie zero mojej interpretacji, ca\u0142y problem wyp\u0142ywa\u0142 z wypowiedzi rozm\u00f3wc\u00f3w. <\/p>\n<p>Maj\u0105c wi\u0119c te solidne podstawy zapyta\u0142em w krakowskiej GW, czy ten tekst jest dla nich interesuj\u0105cy. Brak odpowiedzi, wi\u0119c walczy\u0142em &#8211; dzwoni\u0142em, przypomina\u0142em si\u0119 &#8211; do ko\u0144ca. By\u0142em ciekawy, co z tego wyniknie. My\u015bla\u0142em &#8211; co\u015b mo\u017ce powiedz\u0105 o tek\u015bcie, raczej odm\u00f3wi\u0105, albo zaproponuj\u0105 publikacj\u0119 bez pieni\u0119dzy. Tymczasem &#8211; nic z tych rzeczy. Sam tekst, poruszany problem, nie mia\u0142 zupe\u0142nie znaczenia. By\u0142em po prostu niechcianym, natr\u0119tnym &quot;nikim&quot;, kt\u00f3rego pr\u00f3bowano zignorowa\u0107. I tego si\u0119 nie spodziewa\u0142em &#8211; \u017ce kto\u015b rzuci s\u0142uchawk\u0105. To by\u0142 \u00f3w &quot;wybuch przy spokojnym eksperymencie&quot;. <\/p>\n<p>Nie jestem masochist\u0105, tylko do\u015b\u0107 cz\u0119sto pcha mnie tam, gdzie w\u0119sz\u0119 problemy. Mo\u017ce by\u0142by ze mnie &quot;dziennikarz \u015bledczy&quot;? :-)))) Ach, mam ochot\u0119, na pocz\u0105tek, wzi\u0105\u0107 jak\u0105\u015b redakcj\u0119. :-))) <br \/><\/font><\/p>\n","protected":false},"excerpt":{"rendered":"<p><font size=\"2\">W &#8230;<\/p>\n","protected":false},"author":1,"featured_media":0,"comment_status":"open","ping_status":"open","sticky":false,"template":"","format":"standard","meta":{"footnotes":""},"categories":[94],"tags":[655],"_links":{"self":[{"href":"http:\/\/niecodziennosc.kubic.info\/index.php?rest_route=\/wp\/v2\/posts\/8158"}],"collection":[{"href":"http:\/\/niecodziennosc.kubic.info\/index.php?rest_route=\/wp\/v2\/posts"}],"about":[{"href":"http:\/\/niecodziennosc.kubic.info\/index.php?rest_route=\/wp\/v2\/types\/post"}],"author":[{"embeddable":true,"href":"http:\/\/niecodziennosc.kubic.info\/index.php?rest_route=\/wp\/v2\/users\/1"}],"replies":[{"embeddable":true,"href":"http:\/\/niecodziennosc.kubic.info\/index.php?rest_route=%2Fwp%2Fv2%2Fcomments&post=8158"}],"version-history":[{"count":0,"href":"http:\/\/niecodziennosc.kubic.info\/index.php?rest_route=\/wp\/v2\/posts\/8158\/revisions"}],"wp:attachment":[{"href":"http:\/\/niecodziennosc.kubic.info\/index.php?rest_route=%2Fwp%2Fv2%2Fmedia&parent=8158"}],"wp:term":[{"taxonomy":"category","embeddable":true,"href":"http:\/\/niecodziennosc.kubic.info\/index.php?rest_route=%2Fwp%2Fv2%2Fcategories&post=8158"},{"taxonomy":"post_tag","embeddable":true,"href":"http:\/\/niecodziennosc.kubic.info\/index.php?rest_route=%2Fwp%2Fv2%2Ftags&post=8158"}],"curies":[{"name":"wp","href":"https:\/\/api.w.org\/{rel}","templated":true}]}}