{"id":8159,"date":"2010-02-15T19:12:53","date_gmt":"2010-02-15T18:12:53","guid":{"rendered":"http:\/\/niecodziennosc.kubic.info\/index.php\/2010\/02\/15\/skonczylem-artykul\/"},"modified":"2010-02-15T19:12:53","modified_gmt":"2010-02-15T18:12:53","slug":"skonczylem-artykul","status":"publish","type":"post","link":"http:\/\/niecodziennosc.kubic.info\/?p=8159","title":{"rendered":"Sko\u0144czy\u0142em artyku\u0142!"},"content":{"rendered":"<p><font size=\"2\">Po ponad dwutygodniowej pracy mi\u0142o mi og\u0142osi\u0107 publikacj\u0119<br \/>\ntekstu o leczeniu ortodontycznym dzieci niepe\u0142nosprawnych. Ostatecznie<br \/>\ntekst zamie\u015bci\u0142 portal <a target=\"_blank\" href=\"http:\/\/www.mmkrakow.pl\/8342\/2010\/2\/15\/niepelnosprawni-nie-sa-jak-sprawni?category=news\" rel=\"noopener noreferrer\">mmKrakow.pl<\/a><\/font>. <font size=\"2\">Troch\u0119 jednak o walce z jego zamieszczeniem zamierzam napisa\u0107 tutaj, w kt\u00f3rej\u015b z nast\u0119pnych notek.<\/p>\n<p><a href=\"http:\/\/www.mmkrakow.pl\/8342\/2010\/2\/15\/niepelnosprawni-nie-sa-jak-sprawni?category=news\" target=\"_blank\" rel=\"noopener noreferrer\"><img decoding=\"async\" border=\"0\" src=\"http:\/\/patrz.kubic.info\/wp-content\/uploads\/2010\/02\/KrakPorStom-fotPiotrKubic003.jpg\" \/><\/a><br \/><font size=\"2\">Ma\u0142a Julia, pacjentka Krakowskiej Poradni Stomatologicznej, fot. Piotr<\/font><\/p>\n<p>Artyku\u0142 mo\u017cna przeczyta\u0107 r\u00f3wnie\u017c na moim <a href=\"http:\/\/patrz.kubic.info\/index.php\/2010\/02\/niepelnosprawni-nie-sa-jak-sprawni\/\" target=\"_blank\" rel=\"noopener noreferrer\">blogu fotograficznym Patrz!.<\/a><br \/><\/font><\/p>\n","protected":false},"excerpt":{"rendered":"<p><font size=\"2\">Po ponad &#8230;<\/p>\n","protected":false},"author":1,"featured_media":0,"comment_status":"open","ping_status":"open","sticky":false,"template":"","format":"standard","meta":{"footnotes":""},"categories":[24],"tags":[646,607,373],"_links":{"self":[{"href":"http:\/\/niecodziennosc.kubic.info\/index.php?rest_route=\/wp\/v2\/posts\/8159"}],"collection":[{"href":"http:\/\/niecodziennosc.kubic.info\/index.php?rest_route=\/wp\/v2\/posts"}],"about":[{"href":"http:\/\/niecodziennosc.kubic.info\/index.php?rest_route=\/wp\/v2\/types\/post"}],"author":[{"embeddable":true,"href":"http:\/\/niecodziennosc.kubic.info\/index.php?rest_route=\/wp\/v2\/users\/1"}],"replies":[{"embeddable":true,"href":"http:\/\/niecodziennosc.kubic.info\/index.php?rest_route=%2Fwp%2Fv2%2Fcomments&post=8159"}],"version-history":[{"count":0,"href":"http:\/\/niecodziennosc.kubic.info\/index.php?rest_route=\/wp\/v2\/posts\/8159\/revisions"}],"wp:attachment":[{"href":"http:\/\/niecodziennosc.kubic.info\/index.php?rest_route=%2Fwp%2Fv2%2Fmedia&parent=8159"}],"wp:term":[{"taxonomy":"category","embeddable":true,"href":"http:\/\/niecodziennosc.kubic.info\/index.php?rest_route=%2Fwp%2Fv2%2Fcategories&post=8159"},{"taxonomy":"post_tag","embeddable":true,"href":"http:\/\/niecodziennosc.kubic.info\/index.php?rest_route=%2Fwp%2Fv2%2Ftags&post=8159"}],"curies":[{"name":"wp","href":"https:\/\/api.w.org\/{rel}","templated":true}]}}