{"id":8162,"date":"2010-02-10T23:12:22","date_gmt":"2010-02-10T22:12:22","guid":{"rendered":"http:\/\/niecodziennosc.kubic.info\/index.php\/2010\/02\/10\/kocham-moje-miasteczko\/"},"modified":"2010-02-10T23:12:22","modified_gmt":"2010-02-10T22:12:22","slug":"kocham-moje-miasteczko","status":"publish","type":"post","link":"http:\/\/niecodziennosc.kubic.info\/?p=8162","title":{"rendered":"Kocham moje miasteczko"},"content":{"rendered":"<p><font size=\"2\"><a href=\"http:\/\/kubic.info\/index.php\/moje-miasteczko\"><img decoding=\"async\" border=\"0\" alt=\"\" src=\"wp-content\/uploads\/2019\/03\/_MG_7135.jpg\" \/><\/a><\/p>\n<p>Opublikowa\u0142em seri\u0119 zdj\u0119\u0107 <a href=\"http:\/\/kubic.info\/index.php\/moje-miasteczko\">Kocham moje miasteczko<\/a>. Jedna z os\u00f3b starszych ode mnie, skomentowa\u0142a, \u017ce musia\u0142em mie\u0107 trudne dzieci\u0144stwo. A ja &#8211; zupe\u0142nie przeciwnie. Na <a href=\"http:\/\/patrz.kubic.info\/index.php\/2010\/02\/zdjecia-ladne-i-nieladne\/\">blogu fotograficznym<\/a> przeciwstawi\u0142em ostatnio dwa sposoby fotografowania. Jeden prowadzi do zdj\u0119\u0107 \u0142adnych, drugi &#8211; do odgrzebuje g\u0142\u0119bsze pok\u0142ady wspomnie\u0144, nastroj\u00f3w, wyobra\u017ani. <br \/>Mam problem, bo z jednej strony nie bardzo mog\u0119 znie\u015b\u0107 sterylne i\/lub plastikowe zdj\u0119cia, dzisiaj wszechobecne. Z drugiej strony &#8211; takie zdj\u0119cia przynosz\u0105 doch\u00f3d, i jestem zmuszony je robi\u0107. M\u00f3j blog fotograficzny ma spe\u0142nia\u0107 funkcj\u0119 reklamow\u0105, w takim razie jak mam si\u0119 na nim przyzna\u0107, \u017ce lubi\u0119 takie oto fotografie, jak ta powy\u017cej lub poni\u017cej? Kto wtedy poprosi mnie o jak\u0105\u015b us\u0142ug\u0119 fotograficzn\u0105&#8230;?<br \/>Graffiti na bocznej \u015bcianie gara\u017cu, z wystaj\u0105cymi ponad nim dwiema g\u0142\u00f3wkami lamp, a pod nim &#8211; z\u0142amane, zaschni\u0119te trawy, kt\u00f3re kszta\u0142tem odpowiadaj\u0105 tym lampom. Jest tu symetria, z drugiej stron &#8211; kompozycja lekko diagonalna, kt\u00f3ra dodatkowo, do samego graffiti, daje dynamizm. <\/p>\n<p><img decoding=\"async\" border=\"0\" alt=\"\" src=\"wp-content\/uploads\/2019\/03\/_MG_7138.jpg\" \/><\/p>\n<p>Albo to zdj\u0119cie. Brama, czyli jakie\u015b paskudne zamkni\u0119cie, w zestawieniu z przestrzeni\u0105 p\u00f3l &#8211; wolno\u015bci\u0105, nieograniczeniem. Oba zdj\u0119cia silnie na mnie dzia\u0142aj\u0105. <\/p>\n<p>Czy co\u015b jest ze mn\u0105 nie tak? A mo\u017ce ju\u017c odszed\u0142em od rzeczywisto\u015bci, zamkn\u0105\u0142em si\u0119 w kr\u0119gu w\u0142asnych, ciasnych, naci\u0105ganych upodoba\u0144&#8230;? Wmawiam sobie, \u017ce w tych zdj\u0119ciach jest co\u015b, jak 98% artyst\u00f3w jest przekonanych, \u017ce ich dzie\u0142a s\u0105 szczytem \u015bwiatowej sztuki&#8230;<br \/><\/font><\/p>\n","protected":false},"excerpt":{"rendered":"<p><font size=\"2\"><a ...\n<\/p>\n","protected":false},"author":1,"featured_media":0,"comment_status":"open","ping_status":"open","sticky":false,"template":"","format":"standard","meta":{"footnotes":""},"categories":[35],"tags":[339,891,70,876],"_links":{"self":[{"href":"http:\/\/niecodziennosc.kubic.info\/index.php?rest_route=\/wp\/v2\/posts\/8162"}],"collection":[{"href":"http:\/\/niecodziennosc.kubic.info\/index.php?rest_route=\/wp\/v2\/posts"}],"about":[{"href":"http:\/\/niecodziennosc.kubic.info\/index.php?rest_route=\/wp\/v2\/types\/post"}],"author":[{"embeddable":true,"href":"http:\/\/niecodziennosc.kubic.info\/index.php?rest_route=\/wp\/v2\/users\/1"}],"replies":[{"embeddable":true,"href":"http:\/\/niecodziennosc.kubic.info\/index.php?rest_route=%2Fwp%2Fv2%2Fcomments&post=8162"}],"version-history":[{"count":0,"href":"http:\/\/niecodziennosc.kubic.info\/index.php?rest_route=\/wp\/v2\/posts\/8162\/revisions"}],"wp:attachment":[{"href":"http:\/\/niecodziennosc.kubic.info\/index.php?rest_route=%2Fwp%2Fv2%2Fmedia&parent=8162"}],"wp:term":[{"taxonomy":"category","embeddable":true,"href":"http:\/\/niecodziennosc.kubic.info\/index.php?rest_route=%2Fwp%2Fv2%2Fcategories&post=8162"},{"taxonomy":"post_tag","embeddable":true,"href":"http:\/\/niecodziennosc.kubic.info\/index.php?rest_route=%2Fwp%2Fv2%2Ftags&post=8162"}],"curies":[{"name":"wp","href":"https:\/\/api.w.org\/{rel}","templated":true}]}}