{"id":8168,"date":"2010-02-01T23:59:55","date_gmt":"2010-02-01T22:59:55","guid":{"rendered":"http:\/\/niecodziennosc.kubic.info\/index.php\/2010\/02\/01\/sciskac-nie-sciskac\/"},"modified":"2019-05-05T01:42:21","modified_gmt":"2019-05-04T23:42:21","slug":"sciskac-nie-sciskac","status":"publish","type":"post","link":"http:\/\/niecodziennosc.kubic.info\/?p=8168","title":{"rendered":"\u015aciska\u0107 &#8211; nie \u015bciska\u0107&#8230;"},"content":{"rendered":"<p><font size=\"2\">Droga Marto!<\/p>\n<p>Pisz\u0119 do Ciebie w zaufaniu, \u017ce doradzisz, jak zwykle to bywa\u0142o. Maj\u0105c na wzgl\u0119dzie Twoje do\u015bwiadczenie rodzinne oraz zawodowe. Chodzi o \u015bciskanie. Wiem, \u017ce mnie nie wy\u015bmiejesz, cho\u0107 to mo\u017ce zabrzmi \u015bmiesznie, ale chcia\u0142bym zapyta\u0107, czy s\u0105 jakie\u015b granice w \u015bciskaniu dzieci. Nie chodzi o to, czy mocno, tylko jak cz\u0119sto. <\/p>\n<p>Bo widzisz, mam takie dzieci, kt\u00f3re a\u017c si\u0119 prosz\u0105 o \u015bciskanie. Zaczyna si\u0119 od samego rana, zanim wstaniemy z \u0142\u00f3\u017cka &#8211; przychodzi Beniamin. Potem Sara. No i&#8230; Potem troch\u0119 jeszcze \u015bpimy, a jak si\u0119 budzimy, to m\u00f3wimy sobie &quot;dzie\u0144 dobry&quot; i znowu&#8230; Potem ubieranie, \u015bniadanie i tak dalej, no i co jaki\u015b czas&#8230; wiesz&#8230; A jak wracam z pracy, to rzucaj\u0105 mi si\u0119 na szyj\u0119, no i nie da si\u0119 unikn\u0105\u0107&#8230;<\/p>\n<p>Tak sobie my\u015bl\u0119, \u017ce mog\u0119 im robi\u0107 krzywd\u0119 tym, \u017ce im pozwalam. Ja te\u017c si\u0119 nie powstrzymuj\u0119 zbytnio. Bo jak, dajmy na to, si\u0119 przyzwyczaj\u0105? A odzwyczai\u0107 si\u0119, oj, trudno. A ile\u017c ja b\u0119d\u0119 m\u00f3g\u0142 ich jeszcze \u015bciska\u0107&#8230; Albo jak im zabezpieczy\u0107 \u015bciskanie na przysz\u0142o\u015b\u0107&#8230;? Jak\u0105 mam gwarancj\u0119, \u017ce kto\u015b je kiedy\u015b b\u0119dzie&#8230; A jak nie b\u0119dzie? Albo b\u0119dzie za mocno? <\/p>\n<p>No i takie mam w\u0105tpliwo\u015bci, gdyby\u015b mog\u0142a, odpisz szybko, bo id\u0119 zaraz spa\u0107, i m\u00f3g\u0142bym jeszcze dzieci, cho\u0107 \u015bpi\u0105, to przez sen&#8230; <\/p>\n<p>Pozdrawiam, Piotr.<\/p>\n<p><img decoding=\"async\" border=\"0\" alt=\"\" src=\"wp-content\/uploads\/2019\/03\/_MG_7181sara.jpg\" \/><br \/><\/font><\/p>\n","protected":false},"excerpt":{"rendered":"<p><font size=\"2\">Droga &#8230;<\/p>\n","protected":false},"author":1,"featured_media":0,"comment_status":"open","ping_status":"open","sticky":false,"template":"","format":"standard","meta":{"footnotes":""},"categories":[18,909],"tags":[373,38,638,876],"_links":{"self":[{"href":"http:\/\/niecodziennosc.kubic.info\/index.php?rest_route=\/wp\/v2\/posts\/8168"}],"collection":[{"href":"http:\/\/niecodziennosc.kubic.info\/index.php?rest_route=\/wp\/v2\/posts"}],"about":[{"href":"http:\/\/niecodziennosc.kubic.info\/index.php?rest_route=\/wp\/v2\/types\/post"}],"author":[{"embeddable":true,"href":"http:\/\/niecodziennosc.kubic.info\/index.php?rest_route=\/wp\/v2\/users\/1"}],"replies":[{"embeddable":true,"href":"http:\/\/niecodziennosc.kubic.info\/index.php?rest_route=%2Fwp%2Fv2%2Fcomments&post=8168"}],"version-history":[{"count":1,"href":"http:\/\/niecodziennosc.kubic.info\/index.php?rest_route=\/wp\/v2\/posts\/8168\/revisions"}],"predecessor-version":[{"id":9145,"href":"http:\/\/niecodziennosc.kubic.info\/index.php?rest_route=\/wp\/v2\/posts\/8168\/revisions\/9145"}],"wp:attachment":[{"href":"http:\/\/niecodziennosc.kubic.info\/index.php?rest_route=%2Fwp%2Fv2%2Fmedia&parent=8168"}],"wp:term":[{"taxonomy":"category","embeddable":true,"href":"http:\/\/niecodziennosc.kubic.info\/index.php?rest_route=%2Fwp%2Fv2%2Fcategories&post=8168"},{"taxonomy":"post_tag","embeddable":true,"href":"http:\/\/niecodziennosc.kubic.info\/index.php?rest_route=%2Fwp%2Fv2%2Ftags&post=8168"}],"curies":[{"name":"wp","href":"https:\/\/api.w.org\/{rel}","templated":true}]}}