{"id":8184,"date":"2009-12-28T21:30:19","date_gmt":"2009-12-28T20:30:19","guid":{"rendered":"http:\/\/niecodziennosc.kubic.info\/index.php\/2009\/12\/28\/tudno-wyrazic\/"},"modified":"2009-12-28T21:30:19","modified_gmt":"2009-12-28T20:30:19","slug":"tudno-wyrazic","status":"publish","type":"post","link":"http:\/\/niecodziennosc.kubic.info\/?p=8184","title":{"rendered":"Tudno wyrazi\u0107&#8230;"},"content":{"rendered":"<p><font size=\"2\">Zn\u00f3w niedobrze. W niedziel\u0119 wieczorem, w pracy, odebra\u0142em telefon. Przyjaciele w szpitalu, najgorzej z najm\u0142odsz\u0105&#8230; Siedzia\u0142a z ty\u0142u, si\u0142a uderzenia by\u0142a tak du\u017ca, \u017ce patrz\u0105c na zdj\u0119cia, trudno uwierzy\u0107, \u017ce to by\u0142o auto typu kombi. Skr\u0119cali w lewo na skrzy\u017cowaniu, z ty\u0142u najecha\u0142 autobus. Tyle dobrze, \u017ce ko\u0142a osob\u00f3wki nie by\u0142y skr\u0119cone w lewo, i auto nie dosta\u0142o by si\u0119 pod nadje\u017cd\u017caj\u0105cych z przeciwka. Kierowca przy uderzeniu straci\u0142 przytomno\u015b\u0107, ma wstrz\u0105s m\u00f3zgu. Dziewczyna siedz\u0105ca z ty\u0142u &#8211; po\u0142aman\u0105 w kilku miejscach miednic\u0119, p\u0119kni\u0119t\u0105 czaszk\u0119 i z\u0142aman\u0105 szcz\u0119k\u0119, krwiak m\u00f3zgu, zerwane kr\u0119gi. Jest ci\u0105gle nieprzytomna i lekarze jeszcze nie potrafi\u0105 powiedzie\u0107 nic o jej przysz\u0142o\u015bci. Wypadek zdarzy\u0142 si\u0119 prawie na oczach ich rodzic\u00f3w, kt\u00f3rzy jechali przed nimi i wcze\u015bniej skr\u0119cili w lewo. <\/p>\n<p>Pierwszej pomocy udzieli\u0142 zesp\u00f3\u0142 karetki, kt\u00f3ra w\u0142a\u015bnie przeje\u017cd\u017ca\u0142a. Mieli co prawda pacjenta, ale nie w tak dramatycznym stanie. Pewnie temu mo\u017cemy zawdzi\u0119cza\u0107, \u017ce Paulina jeszcze \u017cyje&#8230; <\/p>\n<p>Pisz\u0119 o tym tak dok\u0142adnie, bo przede wszystkim jest to dla mnie przestroga. Uderzenie by\u0142o potworne, to nie jaka\u015b st\u0142uczka, w kt\u00f3rej kto\u015b &quot;nie wyhamowa\u0142&quot;. Tutaj autobus albo jecha\u0142 bardzo szybko, albo kierowca si\u0119 dramatycznie zagapi\u0142. Droga w tym miejscu prowadzi po pag\u00f3rkach, ale nie takich, aby ogranicza\u0142y widoczno\u015b\u0107 do mniej ni\u017c 150 metr\u00f3w. Zdj\u0119cia pokazuj\u0105, \u017ce szosa jest sucha. Skr\u0119caj\u0105cy czekali przez chwil\u0119, wi\u0119c nie by\u0142 to nag\u0142y manewr skr\u0119tu w lewo, zreszt\u0105 przed nimi skr\u0119ci\u0142 samoch\u00f3d ich rodzic\u00f3w. Wiele wskazuje na to, \u017ce by\u0142o to jakie\u015b koszmarne niedopatrzenie, zagapienie. <\/p>\n<p>Tego najbardziej si\u0119 boj\u0119 &#8211; \u017ce jad\u0105c nie popatrz\u0119 na drog\u0119, zapomn\u0119 co\u015b sprawdzi\u0107 w lusterku, popatrze\u0107 w lewo lub w prawo. Albo po prostu pomy\u015bl\u0119 sobie o niebieskich migda\u0142ach. Zreszt\u0105 sporo gro\u017anych sytuacji powstaje w\u0142a\u015bnie wtedy, kiedy &quot;w niew\u0142a\u015bciwym momencie&quot; popatrzy si\u0119 w lusterko, albo chce zmieni\u0107 stacj\u0119 radiow\u0105&#8230; <\/p>\n<p>Uwa\u017cajcie, ludzie, uwa\u017cajcie&#8230; <\/p>\n<p><img decoding=\"async\" src=\"http:\/\/www.mojawieliczka.pl\/wp-content\/uploads\/2009\/12\/091228_wypadek1-1.jpg\" \/><\/p>\n<p><img decoding=\"async\" src=\"http:\/\/www.mojawieliczka.pl\/wp-content\/uploads\/2009\/12\/091228_wypadek3-1.jpg\" \/><\/p>\n<p><img decoding=\"async\" src=\"http:\/\/www.mojawieliczka.pl\/wp-content\/uploads\/2009\/12\/091228_wypadek4-1.jpg\" \/><\/p>\n<p><a href=\"http:\/\/www.mojawieliczka.pl\/?p=2777\">Zdj\u0119cia pochodz\u0105 z portalu mojawieliczka.pl, gdzie zosta\u0142a umieszczona notka o wypadku<\/a><br \/><\/font><\/p>\n","protected":false},"excerpt":{"rendered":"<p><font size=\"2\">Zn\u00f3w &#8230;<\/p>\n","protected":false},"author":1,"featured_media":0,"comment_status":"open","ping_status":"open","sticky":false,"template":"","format":"standard","meta":{"footnotes":""},"categories":[16],"tags":[],"_links":{"self":[{"href":"http:\/\/niecodziennosc.kubic.info\/index.php?rest_route=\/wp\/v2\/posts\/8184"}],"collection":[{"href":"http:\/\/niecodziennosc.kubic.info\/index.php?rest_route=\/wp\/v2\/posts"}],"about":[{"href":"http:\/\/niecodziennosc.kubic.info\/index.php?rest_route=\/wp\/v2\/types\/post"}],"author":[{"embeddable":true,"href":"http:\/\/niecodziennosc.kubic.info\/index.php?rest_route=\/wp\/v2\/users\/1"}],"replies":[{"embeddable":true,"href":"http:\/\/niecodziennosc.kubic.info\/index.php?rest_route=%2Fwp%2Fv2%2Fcomments&post=8184"}],"version-history":[{"count":0,"href":"http:\/\/niecodziennosc.kubic.info\/index.php?rest_route=\/wp\/v2\/posts\/8184\/revisions"}],"wp:attachment":[{"href":"http:\/\/niecodziennosc.kubic.info\/index.php?rest_route=%2Fwp%2Fv2%2Fmedia&parent=8184"}],"wp:term":[{"taxonomy":"category","embeddable":true,"href":"http:\/\/niecodziennosc.kubic.info\/index.php?rest_route=%2Fwp%2Fv2%2Fcategories&post=8184"},{"taxonomy":"post_tag","embeddable":true,"href":"http:\/\/niecodziennosc.kubic.info\/index.php?rest_route=%2Fwp%2Fv2%2Ftags&post=8184"}],"curies":[{"name":"wp","href":"https:\/\/api.w.org\/{rel}","templated":true}]}}