{"id":8185,"date":"2009-12-26T00:08:31","date_gmt":"2009-12-25T23:08:31","guid":{"rendered":"http:\/\/niecodziennosc.kubic.info\/index.php\/2009\/12\/26\/nie-pamietam-jej-oczu\/"},"modified":"2009-12-26T00:08:31","modified_gmt":"2009-12-25T23:08:31","slug":"nie-pamietam-jej-oczu","status":"publish","type":"post","link":"http:\/\/niecodziennosc.kubic.info\/?p=8185","title":{"rendered":"Nie pami\u0119tam jej oczu&#8230;"},"content":{"rendered":"<p><font size=\"2\">Patrz\u0119 na moj\u0105 c\u00f3rk\u0119. Widz\u0119, \u017ce nie ma na sobie sweterka, nie ubra\u0142a kapci. Ma zimne d\u0142onie i nos, i wcale nie spieszy si\u0119, by si\u0119 ubra\u0107. Nic tylko prowokuje kolejne przezi\u0119bienie. Albo wcina chrupki tu\u017c przed obiadem. Wyrywa bratu zabawk\u0119, zamiast najpierw poprosi\u0107, a przecie\u017c to ona jest starsza i musi by\u0107 m\u0105drzejsza. Nie s\u0142ucha wtedy, kiedy najbardziej powinna, ucieka, gdy trzeba zosta\u0107.<\/p>\n<p><img decoding=\"async\" border=\"0\" alt=\"\" src=\"wp-content\/uploads\/2019\/03\/Sara6.jpg\" \/> <\/p>\n<p>My\u015bli o wszystkim tylko nie o tym, co w\u0142a\u015bnie nale\u017cy, op\u00f3\u017ania, oci\u0105ga, \u015bmieje si\u0119 z pr\u00f3\u015bb i polece\u0144. Albo wo\u0142a bez ko\u0144ca &#8211; tatu\u015b, taaatu\u015b! Jemy chleb z szynk\u0105, ona chce z miodem. Pijemy herbat\u0119 &#8211; ona kakao. Pro\u015bby, uwagi bez ko\u0144ca &#8211; zapnij, zostaw, p\u00f3\u017aniej, mokry r\u0119kaw, siniak, brudne r\u0119ce, zn\u00f3w rozpi\u0119\u0142a\u015b w\u0142osy. Tyle szczeg\u00f3\u0142\u00f3w z jej ubrania, cia\u0142a&#8230; Nie pami\u0119tam tylko, kiedy ostatni raz spojrza\u0142em jej w oczy, i jaki by\u0142 ich wyraz&#8230;<br \/><\/font><\/p>\n","protected":false},"excerpt":{"rendered":"<p><font size=\"2\">Patrz\u0119 na&#8230;<\/p>\n","protected":false},"author":1,"featured_media":0,"comment_status":"open","ping_status":"open","sticky":false,"template":"","format":"standard","meta":{"footnotes":""},"categories":[469],"tags":[373,638],"_links":{"self":[{"href":"http:\/\/niecodziennosc.kubic.info\/index.php?rest_route=\/wp\/v2\/posts\/8185"}],"collection":[{"href":"http:\/\/niecodziennosc.kubic.info\/index.php?rest_route=\/wp\/v2\/posts"}],"about":[{"href":"http:\/\/niecodziennosc.kubic.info\/index.php?rest_route=\/wp\/v2\/types\/post"}],"author":[{"embeddable":true,"href":"http:\/\/niecodziennosc.kubic.info\/index.php?rest_route=\/wp\/v2\/users\/1"}],"replies":[{"embeddable":true,"href":"http:\/\/niecodziennosc.kubic.info\/index.php?rest_route=%2Fwp%2Fv2%2Fcomments&post=8185"}],"version-history":[{"count":0,"href":"http:\/\/niecodziennosc.kubic.info\/index.php?rest_route=\/wp\/v2\/posts\/8185\/revisions"}],"wp:attachment":[{"href":"http:\/\/niecodziennosc.kubic.info\/index.php?rest_route=%2Fwp%2Fv2%2Fmedia&parent=8185"}],"wp:term":[{"taxonomy":"category","embeddable":true,"href":"http:\/\/niecodziennosc.kubic.info\/index.php?rest_route=%2Fwp%2Fv2%2Fcategories&post=8185"},{"taxonomy":"post_tag","embeddable":true,"href":"http:\/\/niecodziennosc.kubic.info\/index.php?rest_route=%2Fwp%2Fv2%2Ftags&post=8185"}],"curies":[{"name":"wp","href":"https:\/\/api.w.org\/{rel}","templated":true}]}}