{"id":8186,"date":"2009-12-25T00:55:16","date_gmt":"2009-12-24T23:55:16","guid":{"rendered":"http:\/\/niecodziennosc.kubic.info\/index.php\/2009\/12\/25\/irracjonalna\/"},"modified":"2009-12-25T00:55:16","modified_gmt":"2009-12-24T23:55:16","slug":"irracjonalna","status":"publish","type":"post","link":"http:\/\/niecodziennosc.kubic.info\/?p=8186","title":{"rendered":"Irracjonalna"},"content":{"rendered":"<p><font size=\"2\">Z roku na rok coraz dalej do tych \u015awi\u0105t &#8211; coraz mniej je odczuwam. To nie kwestia rosn\u0105cej komercji, bo komercja nie dotyka mnie prawie w og\u00f3le. To nie kwestia os\u0142abienia obyczaj\u00f3w, upadku tradycji, bo ona mnie nigdy nie dotyczy\u0142a &#8211; w formie ilo\u015bci da\u0144, karpia, sianka, choinki. <\/p>\n<p>Z\u0142o\u017cy\u0107 komu\u015b \u017cyczenia, szczeg\u00f3lnie z TEJ okazji, to znaczy wcze\u015bniej odczu\u0107 u siebie \u015awi\u0119to. A co ja czuj\u0119&#8230;? Aby czu\u0107, trzeba prze\u017cy\u0107 duchowo. Co prze\u017cywam&#8230;?<\/p>\n<p>Pami\u0119tam, bo to jeszcze niedawno &#8211; rodz\u0105ce si\u0119 dziecko to nie podlegaj\u0105ca w\u0105tpliwo\u015bci, irracjonalna nadzieja na lepszy \u015bwiat. Nie tylko niemowl\u0119, ale taki dwulatek, pr\u0105cy przebojem ci\u0105gle do swoich nowych odkry\u0107, umiej\u0119tno\u015bci, jakby ka\u017cdego dnia poznawa\u0142 now\u0105 Ameryk\u0119 &#8211; wydaje si\u0119 zawsze niepokonany, zawsze zwyci\u0119zc\u0105, kt\u00f3ry kiedy\u015b zbuduje now\u0105, doskona\u0142\u0105 rzeczywisto\u015b\u0107. <\/p>\n<p>Gdy rodzi\u0142 si\u0119 Zbawiciel, jego Matka ju\u017c wiedzia\u0142a, \u017ce&#8230; tak, On stworzy now\u0105 rzeczywisto\u015b\u0107. Chyba tylko nie wiedzia\u0142a, \u017ce sama zobaczy tak szybko Jego \u015bmier\u0107. Dzi\u015b wspominaj\u0105c o Jego narodzinach milcz\u0105co odpychamy my\u015bli o Jego \u015bmierci, cho\u0107 przecie\u017c tak trudno o niej nie pomy\u015ble\u0107, zw\u0142aszcza dzi\u015b&#8230;<\/p>\n<p>&quot;Niech przysz\u0142y rok b\u0119dzie nie gorszy ni\u017c ten&quot;. Ale nie chodzi o przysz\u0142y rok. Chodzi o to, \u017ce te tysi\u0119czne i milionowe westchnienia ojc\u00f3w i matek o lepszej przysz\u0142o\u015bci, spotykaj\u0105 si\u0119 w tym jednym, kt\u00f3ry narodzi\u0142 si\u0119 po to, by umrze\u0107. By \u017cycie naszych dzieci nie ko\u0144czy\u0142o si\u0119 na \u015bmierci. Czy to jest mo\u017cliwe? Czy doskona\u0142y, sprawiedliwy, szczery, uczciwy \u015bwiat jest mo\u017cliwy? <\/p>\n<p>A czy istnieje &quot;racjonalna wiara?&quot; Przecie\u017c ona jest zawsze &#8211; irracjonalna. <\/p>\n<p>Z najlepszymi \u017cyczeniami! Drodzy Czytelnicy! Kt\u00f3rzy tutaj zagl\u0105dacie cz\u0119\u015bciej, rzadziej, albo pierwszy raz. Wierz\u0119 w niewidzialny kr\u0105g, \u0142\u0105cz\u0105cy ludzi poszukuj\u0105cych i wierz\u0105cych, cho\u0107by po cichu, w lepsz\u0105 przysz\u0142o\u015b\u0107. Bo jak pisa\u0142 Riciotti, je\u015bli cho\u0107 jedna rzecz z Ewangelii jest prawdziwa, to musi by\u0107 prawdziwa ca\u0142a Ewangelia. Inaczej &#8211; wszystko musia\u0142o by by\u0107 k\u0142amstwem. A to raczej ma\u0142o prawdopodobne, prawda? :-)))<br \/><\/font><\/p>\n","protected":false},"excerpt":{"rendered":"<p><font size=\"2\">Z roku na&#8230;<\/p>\n","protected":false},"author":1,"featured_media":0,"comment_status":"open","ping_status":"open","sticky":false,"template":"","format":"standard","meta":{"footnotes":""},"categories":[130],"tags":[676,364],"_links":{"self":[{"href":"http:\/\/niecodziennosc.kubic.info\/index.php?rest_route=\/wp\/v2\/posts\/8186"}],"collection":[{"href":"http:\/\/niecodziennosc.kubic.info\/index.php?rest_route=\/wp\/v2\/posts"}],"about":[{"href":"http:\/\/niecodziennosc.kubic.info\/index.php?rest_route=\/wp\/v2\/types\/post"}],"author":[{"embeddable":true,"href":"http:\/\/niecodziennosc.kubic.info\/index.php?rest_route=\/wp\/v2\/users\/1"}],"replies":[{"embeddable":true,"href":"http:\/\/niecodziennosc.kubic.info\/index.php?rest_route=%2Fwp%2Fv2%2Fcomments&post=8186"}],"version-history":[{"count":0,"href":"http:\/\/niecodziennosc.kubic.info\/index.php?rest_route=\/wp\/v2\/posts\/8186\/revisions"}],"wp:attachment":[{"href":"http:\/\/niecodziennosc.kubic.info\/index.php?rest_route=%2Fwp%2Fv2%2Fmedia&parent=8186"}],"wp:term":[{"taxonomy":"category","embeddable":true,"href":"http:\/\/niecodziennosc.kubic.info\/index.php?rest_route=%2Fwp%2Fv2%2Fcategories&post=8186"},{"taxonomy":"post_tag","embeddable":true,"href":"http:\/\/niecodziennosc.kubic.info\/index.php?rest_route=%2Fwp%2Fv2%2Ftags&post=8186"}],"curies":[{"name":"wp","href":"https:\/\/api.w.org\/{rel}","templated":true}]}}