{"id":8195,"date":"2009-11-30T01:56:06","date_gmt":"2009-11-30T00:56:06","guid":{"rendered":"http:\/\/niecodziennosc.kubic.info\/index.php\/2009\/11\/30\/troche-o-dzieciach\/"},"modified":"2009-11-30T01:56:06","modified_gmt":"2009-11-30T00:56:06","slug":"troche-o-dzieciach","status":"publish","type":"post","link":"http:\/\/niecodziennosc.kubic.info\/?p=8195","title":{"rendered":"Troch\u0119 o dzieciach"},"content":{"rendered":"<p><font size=\"2\">Ci dwoje to najpi\u0119kniejsze cuda, jakie mog\u0142y si\u0119 nam przydarzy\u0107. <\/p>\n<p><img decoding=\"async\" border=\"0\" src=\"wp-content\/uploads\/2019\/03\/_MG_2167.jpg\" alt=\"\" \/><\/p>\n<p>Jak to si\u0119 dzieje, \u017ce p\u00f3\u0142toraroczne dziecko ma w sobie tyle elegancji, godno\u015bci. Beniamin, nawet kiedy \u015bpi, wygl\u0105da powa\u017cnie, zdecydowanie. Jakby by\u0142 \u015bwiadomy wszystkiego, czego si\u0119 podejmuje &#8211; kiedy je, je\u017adzi samochodzikiem, wchodzi na krzes\u0142o&#8230; Nawet kiedy \u015bpi &#8211; bo w\u0142a\u015bnie zagl\u0105dn\u0105\u0142em do sypialni. <\/p>\n<p>Beniamin, mo\u017cna tak powiedzie\u0107, wyprzedza nasze wychowanie. On sam pierwszy zainteresowa\u0142 si\u0119 nocnikiem. On ci\u0105gle m\u00f3wi, komentuje to, co robi, jakby my\u015bla\u0142 na g\u0142os. I powoli poszerza sw\u00f3j niewielki na razie s\u0142ownik wyraz\u00f3w. Fantastyczne, kiedy z jego be\u0142kotliwego potoku sylab mo\u017cna czasem wyodr\u0119bni\u0107 konkretne s\u0142owo. Powtarzamy je wtedy razem &#8211; raz on, raz my &#8211; a\u017c do znudzenia. Jego j\u0119zyk, podobnie jak \u015bwiadomo\u015b\u0107, to jakby wy\u0142anianie si\u0119 konkretnych kszta\u0142t\u00f3w z faluj\u0105cego oceanu, przybieraj\u0105cego raz tak\u0105 raz inn\u0105 form\u0119. (Przypominam mi si\u0119 &quot;Solaris&quot; Lema.) <\/p>\n<p>Sara ma \u015bwiat ju\u017c zarysowane og\u00f3lne kierunki swojego \u015bwiata, teraz go poszerza. Sara potrzebuje wi\u0119cej &quot;materia\u0142u&quot;, w tym momencie dostarcza go przedszkole. Ale mam wra\u017cenie, \u017ce to za ma\u0142o. W potoku codziennych spraw i zabaw przyda\u0142o by si\u0119 szersze urozmaicenie&#8230; <br \/><\/font><\/p>\n","protected":false},"excerpt":{"rendered":"<p><font size=\"2\">Ci dwoje &#8230;<\/p>\n","protected":false},"author":1,"featured_media":0,"comment_status":"open","ping_status":"open","sticky":false,"template":"","format":"standard","meta":{"footnotes":""},"categories":[179],"tags":[638],"_links":{"self":[{"href":"http:\/\/niecodziennosc.kubic.info\/index.php?rest_route=\/wp\/v2\/posts\/8195"}],"collection":[{"href":"http:\/\/niecodziennosc.kubic.info\/index.php?rest_route=\/wp\/v2\/posts"}],"about":[{"href":"http:\/\/niecodziennosc.kubic.info\/index.php?rest_route=\/wp\/v2\/types\/post"}],"author":[{"embeddable":true,"href":"http:\/\/niecodziennosc.kubic.info\/index.php?rest_route=\/wp\/v2\/users\/1"}],"replies":[{"embeddable":true,"href":"http:\/\/niecodziennosc.kubic.info\/index.php?rest_route=%2Fwp%2Fv2%2Fcomments&post=8195"}],"version-history":[{"count":0,"href":"http:\/\/niecodziennosc.kubic.info\/index.php?rest_route=\/wp\/v2\/posts\/8195\/revisions"}],"wp:attachment":[{"href":"http:\/\/niecodziennosc.kubic.info\/index.php?rest_route=%2Fwp%2Fv2%2Fmedia&parent=8195"}],"wp:term":[{"taxonomy":"category","embeddable":true,"href":"http:\/\/niecodziennosc.kubic.info\/index.php?rest_route=%2Fwp%2Fv2%2Fcategories&post=8195"},{"taxonomy":"post_tag","embeddable":true,"href":"http:\/\/niecodziennosc.kubic.info\/index.php?rest_route=%2Fwp%2Fv2%2Ftags&post=8195"}],"curies":[{"name":"wp","href":"https:\/\/api.w.org\/{rel}","templated":true}]}}