{"id":8198,"date":"2009-11-24T19:53:28","date_gmt":"2009-11-24T18:53:28","guid":{"rendered":"http:\/\/niecodziennosc.kubic.info\/index.php\/2009\/11\/24\/malo-a-dobrze\/"},"modified":"2009-11-24T19:53:28","modified_gmt":"2009-11-24T18:53:28","slug":"malo-a-dobrze","status":"publish","type":"post","link":"http:\/\/niecodziennosc.kubic.info\/?p=8198","title":{"rendered":"Ma\u0142o a dobrze"},"content":{"rendered":"<p><font size=\"2\">M\u00f3j przyjaciel Micha\u0142 twierdzi, \u017ce najstraszniejsza jest codzienno\u015b\u0107. Chyba nie mam z ni\u0105 problemu. Najgorszy jest dla mnie nat\u0142ok, ba &#8211; ogrom drobnych czynno\u015bci, kt\u00f3re trzeba wykona\u0107, aby co\u015b wi\u0119kszego doprowadzi\u0107 do skutku.<\/p>\n<p>Gosiu, tak, dzwoni\u0142a\u015b do mnie, a ja nie odebra\u0142em. Poniewa\u017c by\u0142em skoncentrowany na czym\u015b innym, i samo przeniesienie uwagi, p\u00f3\u017aniej rozmowa, i powr\u00f3t do poprzedniej czynno\u015bci, zabiera czasem mn\u00f3stwo mentalnej si\u0142y. <\/p>\n<p>Ostatnio kilka os\u00f3b demonstrowa\u0142o mi, jak potrafi\u0105 zajmowa\u0107 si\u0119 kilkoma rzeczami naraz. Tak, oczywi\u015bcie to jest mo\u017cliwe, a ci z Was, kt\u00f3rzy mnie znaj\u0105 od lat, wiedz\u0105, \u017ce nie jest mi to obce.\u00a0 <\/p>\n<p>Dzi\u015b jestem przekonany, \u017ce zajmowanie si\u0119 wieloma rzeczami naraz bardzo wyja\u0142awia m\u00f3zg. Mo\u017cna tak funkcjonowa\u0107, ale nie przez ca\u0142y dzie\u0144 i 7 dni w tygodniu. Szczeg\u00f3lnie szkodliwe s\u0105 nag\u0142e, niespodziewane bod\u017ace &#8211; nag\u0142e wywr\u00f3cenia zatwierdzonego ju\u017c planu, nag\u0142e telefony, nag\u0142e odwiedziny &#8211; co\u015b, co wytr\u0105ca z przyj\u0119tego rytmu i zmusza do zaj\u0119cia si\u0119 czym\u015b innym. <\/p>\n<p>MO\u017bNA zajmowa\u0107 si\u0119 wieloma sprawami, ale nie jednocze\u015bnie, tylko jedna po drugiej. Dzieli si\u0119 zadania na ma\u0142e etapy i teraz zajmuj\u0119 si\u0119 tym, za chwil\u0119 &#8211; czym\u015b innym, p\u00f3\u017aniej jeszcze czym\u015b innym. W danej chwili robi\u0119 jedn\u0105 rzecz, a nie kilka naraz. Zamykam w g\u0142owie pewien etap, i mog\u0119 przej\u015b\u0107 do czego\u015b innego. To jest bardzo wa\u017cne &#8211; aby nie pozostawia\u0107 urwanych w p\u00f3\u0142 my\u015bli i odczu\u0107. <\/p>\n<p>Robienie wielu rzeczy naraz ma jeszcze jedn\u0105 w\u0142a\u015bciwo\u015b\u0107 &#8211; sprawdza si\u0119 przy powierzchownych problemach, ale nie pozwala wg\u0142\u0119bi\u0107 si\u0119 w subtelno\u015bci, zbada\u0107 czego\u015b dok\u0142adnie. Kreatywno\u015b\u0107 w tym systemie jest licha, pozorna. <\/p>\n<p>Dzi\u015b by\u0107 mo\u017ce modne jest by\u0107 wprost rozszarpywanym przez dziesi\u0105tki ludzi i spraw Ale, moim zdaniem, najwy\u017csza p\u00f3\u0142ka funkcjonowania &#8211; to jedna rzecz w jednym czasie, to oddech, spok\u00f3j, pouk\u0142adanie. Ma\u0142o, a dobrze. <br \/><\/font><\/p>\n","protected":false},"excerpt":{"rendered":"<p><font size=\"2\">M\u00f3j &#8230;<\/p>\n","protected":false},"author":1,"featured_media":0,"comment_status":"open","ping_status":"open","sticky":false,"template":"","format":"standard","meta":{"footnotes":""},"categories":[94],"tags":[],"_links":{"self":[{"href":"http:\/\/niecodziennosc.kubic.info\/index.php?rest_route=\/wp\/v2\/posts\/8198"}],"collection":[{"href":"http:\/\/niecodziennosc.kubic.info\/index.php?rest_route=\/wp\/v2\/posts"}],"about":[{"href":"http:\/\/niecodziennosc.kubic.info\/index.php?rest_route=\/wp\/v2\/types\/post"}],"author":[{"embeddable":true,"href":"http:\/\/niecodziennosc.kubic.info\/index.php?rest_route=\/wp\/v2\/users\/1"}],"replies":[{"embeddable":true,"href":"http:\/\/niecodziennosc.kubic.info\/index.php?rest_route=%2Fwp%2Fv2%2Fcomments&post=8198"}],"version-history":[{"count":0,"href":"http:\/\/niecodziennosc.kubic.info\/index.php?rest_route=\/wp\/v2\/posts\/8198\/revisions"}],"wp:attachment":[{"href":"http:\/\/niecodziennosc.kubic.info\/index.php?rest_route=%2Fwp%2Fv2%2Fmedia&parent=8198"}],"wp:term":[{"taxonomy":"category","embeddable":true,"href":"http:\/\/niecodziennosc.kubic.info\/index.php?rest_route=%2Fwp%2Fv2%2Fcategories&post=8198"},{"taxonomy":"post_tag","embeddable":true,"href":"http:\/\/niecodziennosc.kubic.info\/index.php?rest_route=%2Fwp%2Fv2%2Ftags&post=8198"}],"curies":[{"name":"wp","href":"https:\/\/api.w.org\/{rel}","templated":true}]}}