{"id":8213,"date":"2009-10-29T23:52:21","date_gmt":"2009-10-29T22:52:21","guid":{"rendered":"http:\/\/niecodziennosc.kubic.info\/index.php\/2009\/10\/29\/moj-glos-w-dyskusji\/"},"modified":"2009-10-29T23:52:21","modified_gmt":"2009-10-29T22:52:21","slug":"moj-glos-w-dyskusji","status":"publish","type":"post","link":"http:\/\/niecodziennosc.kubic.info\/?p=8213","title":{"rendered":"M\u00f3j g\u0142os w dyskusji ;-)"},"content":{"rendered":"<p><font size=\"2\">Napisa\u0142em list do gazeta.pl w sprawie ruchu samochodowego w centrum Krakowa. Je\u015bli macie ochot\u0119 &#8211; przeczytajcie \ud83d\ude09<\/p>\n<p><a href=\"http:\/\/miasta.gazeta.pl\/krakow\/1,35821,7111497,Listy__Ruch_w_centrum_jest_konieczny.html\">Ruch w centrum jest konieczny. <\/a><br \/><\/font><\/p>\n","protected":false},"excerpt":{"rendered":"<p><font size=\"2\">Napisa\u0142em&#8230;<\/p>\n","protected":false},"author":1,"featured_media":0,"comment_status":"open","ping_status":"open","sticky":false,"template":"","format":"standard","meta":{"footnotes":""},"categories":[94],"tags":[],"_links":{"self":[{"href":"http:\/\/niecodziennosc.kubic.info\/index.php?rest_route=\/wp\/v2\/posts\/8213"}],"collection":[{"href":"http:\/\/niecodziennosc.kubic.info\/index.php?rest_route=\/wp\/v2\/posts"}],"about":[{"href":"http:\/\/niecodziennosc.kubic.info\/index.php?rest_route=\/wp\/v2\/types\/post"}],"author":[{"embeddable":true,"href":"http:\/\/niecodziennosc.kubic.info\/index.php?rest_route=\/wp\/v2\/users\/1"}],"replies":[{"embeddable":true,"href":"http:\/\/niecodziennosc.kubic.info\/index.php?rest_route=%2Fwp%2Fv2%2Fcomments&post=8213"}],"version-history":[{"count":0,"href":"http:\/\/niecodziennosc.kubic.info\/index.php?rest_route=\/wp\/v2\/posts\/8213\/revisions"}],"wp:attachment":[{"href":"http:\/\/niecodziennosc.kubic.info\/index.php?rest_route=%2Fwp%2Fv2%2Fmedia&parent=8213"}],"wp:term":[{"taxonomy":"category","embeddable":true,"href":"http:\/\/niecodziennosc.kubic.info\/index.php?rest_route=%2Fwp%2Fv2%2Fcategories&post=8213"},{"taxonomy":"post_tag","embeddable":true,"href":"http:\/\/niecodziennosc.kubic.info\/index.php?rest_route=%2Fwp%2Fv2%2Ftags&post=8213"}],"curies":[{"name":"wp","href":"https:\/\/api.w.org\/{rel}","templated":true}]}}