{"id":8218,"date":"2009-10-19T00:56:50","date_gmt":"2009-10-18T22:56:50","guid":{"rendered":"http:\/\/niecodziennosc.kubic.info\/index.php\/2009\/10\/19\/zdjecia-z-koncertu\/"},"modified":"2009-10-19T00:56:50","modified_gmt":"2009-10-18T22:56:50","slug":"zdjecia-z-koncertu","status":"publish","type":"post","link":"http:\/\/niecodziennosc.kubic.info\/?p=8218","title":{"rendered":"Zdj\u0119cia z koncertu"},"content":{"rendered":"<p><font size=\"2\">Zapraszam do rzucenia okiem na zdj\u0119cia z koncertu muzyki gospel, kt\u00f3ry odby\u0142 si\u0119 w sobot\u0119 w Galerii Krakowskiej. Niecodzienne miejsce jak na koncert. Ale od dawna chcia\u0142em sfotografowa\u0107 wn\u0119trze Galerii, lecz nie by\u0142o pretekstu. Normalnie fotografowa\u0107 nie mo\u017cna, natychmiast przegania ochroniarz. <\/p>\n<p><img decoding=\"async\" border=\"0\" alt=\"\" src=\"wp-content\/uploads\/2019\/03\/_MG_8400.jpg\" \/><\/p>\n<p>Zdj\u0119cia &#8211; <a href=\"http:\/\/www.facebook.com\/home.php?#\/album.php?aid=161483&#038;id=189392943695\">pod tym linkiem<\/a>.<br \/><\/font><\/p>\n","protected":false},"excerpt":{"rendered":"<p><font size=\"2\">Zapraszam&#8230;<\/p>\n","protected":false},"author":1,"featured_media":0,"comment_status":"open","ping_status":"open","sticky":false,"template":"","format":"standard","meta":{"footnotes":""},"categories":[35],"tags":[],"_links":{"self":[{"href":"http:\/\/niecodziennosc.kubic.info\/index.php?rest_route=\/wp\/v2\/posts\/8218"}],"collection":[{"href":"http:\/\/niecodziennosc.kubic.info\/index.php?rest_route=\/wp\/v2\/posts"}],"about":[{"href":"http:\/\/niecodziennosc.kubic.info\/index.php?rest_route=\/wp\/v2\/types\/post"}],"author":[{"embeddable":true,"href":"http:\/\/niecodziennosc.kubic.info\/index.php?rest_route=\/wp\/v2\/users\/1"}],"replies":[{"embeddable":true,"href":"http:\/\/niecodziennosc.kubic.info\/index.php?rest_route=%2Fwp%2Fv2%2Fcomments&post=8218"}],"version-history":[{"count":0,"href":"http:\/\/niecodziennosc.kubic.info\/index.php?rest_route=\/wp\/v2\/posts\/8218\/revisions"}],"wp:attachment":[{"href":"http:\/\/niecodziennosc.kubic.info\/index.php?rest_route=%2Fwp%2Fv2%2Fmedia&parent=8218"}],"wp:term":[{"taxonomy":"category","embeddable":true,"href":"http:\/\/niecodziennosc.kubic.info\/index.php?rest_route=%2Fwp%2Fv2%2Fcategories&post=8218"},{"taxonomy":"post_tag","embeddable":true,"href":"http:\/\/niecodziennosc.kubic.info\/index.php?rest_route=%2Fwp%2Fv2%2Ftags&post=8218"}],"curies":[{"name":"wp","href":"https:\/\/api.w.org\/{rel}","templated":true}]}}