{"id":8219,"date":"2009-10-18T02:55:09","date_gmt":"2009-10-18T00:55:09","guid":{"rendered":"http:\/\/niecodziennosc.kubic.info\/index.php\/2009\/10\/18\/skarpetki\/"},"modified":"2009-10-18T02:55:09","modified_gmt":"2009-10-18T00:55:09","slug":"skarpetki","status":"publish","type":"post","link":"http:\/\/niecodziennosc.kubic.info\/?p=8219","title":{"rendered":"Skarpetki"},"content":{"rendered":"<p><font size=\"2\">&#8211; Zmywasz naczynia, sprz\u0105tasz. Oczywi\u015bcie nie idealnie, ale jeste\u015b facetem, i tak nie dor\u00f3wnasz w tym kobiecie. Chodzisz z dzie\u0107mi na spacer, nie brzydzisz si\u0119 zmienia\u0107 pampers\u00f3w. Ale, ch\u0142opie, to wszystko nie to. Dlaczego?<br \/>&#8211; No?<br \/>&#8211; Bo jej chodzi o co\u015b innego. O jedn\u0105 rzecz. <br \/>&#8211; Tak? Ciekawe&#8230;<br \/>&#8211; Tak. Jej chodzi, dajmy na to, \u017ce zostawiasz skarpetki przy \u0142\u00f3\u017cku na pod\u0142odze. <br \/>&#8211; Jak zostawiasz, to zostawiasz. Problem du\u017cy, niedu\u017cy. <br \/>&#8211; Ale! Co tam skarpetki. Chodzi o to, \u017ce niewa\u017cne, \u017ce zmywasz naczynia, sprz\u0105tasz, chodzisz z dzie\u0107mi na spacer, wieszasz pranie, nawet prasujesz. Chodzi o te skarpetki. <br \/>&#8211; Co\u015b ty. <br \/>&#8211; No m\u00f3g\u0142by\u015b w og\u00f3le nie sprz\u0105ta\u0107, nie zmywa\u0107 naczy\u0144 i tak dalej, wystarczy\u0142o by, \u017ceby\u015b nie zostawia\u0142 tych skarpetek. I by\u0142o by OK. Przynajmniej ona tak m\u00f3wi. <br \/>&#8211; No to dlaczego nie zrobisz, jak chce. Zmobilizuj si\u0119 i wrzucaj te skarpetki do kosza. I nie sprz\u0105taj, nie wieszaj prania i tak dalej. Siadasz, czytasz gazet\u0119, albo patrzysz w okno i jest super. <br \/>&#8211; No i tutaj mam problem. Bo takie skarpetki, to rzeczywi\u015bcie \u017caden problem. Ale jak zaczn\u0119 je sprz\u0105ta\u0107, to co\u015b mi m\u00f3wi, \u017ce ona wtedy czego\u015b innego si\u0119 czepi. <br \/>&#8211; Bujasz.<br \/>&#8211; Powa\u017cnie. Widzisz. Skarpetki to taki klucz. Jak tu odpu\u015bcisz, to front przeniesie si\u0119 na co\u015b innego, bardziej powa\u017cnego. Na piwo, dajmy na to. Albo spanie do dziewi\u0105tej rano. To ju\u017c wol\u0119 upiera\u0107 si\u0119 przy tych g\u0142upich skarpetkach. <br \/>&#8211; Masz \u0142eb. Ja bym o tym nie pomy\u015bla\u0142. <br \/>&#8211; Patrz. Co\u015b jednak wiem. <br \/>&#8211; No to dlaczego sprz\u0105tasz i zmywasz naczynia, skoro to i tak na nic. Skoro chodzi o skarpetki. <br \/>&#8211; Bo wiesz, jak ona o tych skarpetkach, to ja mog\u0119 powiedzie\u0107, \u017ce zmywam i sprz\u0105tam, a czasem nawet prasuj\u0119. <br \/>&#8211; Acha&#8230;<\/p>\n<p>No i tak te rozmowy z Wie\u015bkiem. Przy piwie, oczywi\u015bcie. Piwie, kt\u00f3rego by nie by\u0142o, gdyby Wiesiek odpu\u015bci\u0142 skarpetki. <br \/><\/font><\/p>\n","protected":false},"excerpt":{"rendered":"<p><font size=\"2\">&#8211; Zmywasz&#8230;<\/p>\n","protected":false},"author":1,"featured_media":0,"comment_status":"open","ping_status":"open","sticky":false,"template":"","format":"standard","meta":{"footnotes":""},"categories":[18],"tags":[638],"_links":{"self":[{"href":"http:\/\/niecodziennosc.kubic.info\/index.php?rest_route=\/wp\/v2\/posts\/8219"}],"collection":[{"href":"http:\/\/niecodziennosc.kubic.info\/index.php?rest_route=\/wp\/v2\/posts"}],"about":[{"href":"http:\/\/niecodziennosc.kubic.info\/index.php?rest_route=\/wp\/v2\/types\/post"}],"author":[{"embeddable":true,"href":"http:\/\/niecodziennosc.kubic.info\/index.php?rest_route=\/wp\/v2\/users\/1"}],"replies":[{"embeddable":true,"href":"http:\/\/niecodziennosc.kubic.info\/index.php?rest_route=%2Fwp%2Fv2%2Fcomments&post=8219"}],"version-history":[{"count":0,"href":"http:\/\/niecodziennosc.kubic.info\/index.php?rest_route=\/wp\/v2\/posts\/8219\/revisions"}],"wp:attachment":[{"href":"http:\/\/niecodziennosc.kubic.info\/index.php?rest_route=%2Fwp%2Fv2%2Fmedia&parent=8219"}],"wp:term":[{"taxonomy":"category","embeddable":true,"href":"http:\/\/niecodziennosc.kubic.info\/index.php?rest_route=%2Fwp%2Fv2%2Fcategories&post=8219"},{"taxonomy":"post_tag","embeddable":true,"href":"http:\/\/niecodziennosc.kubic.info\/index.php?rest_route=%2Fwp%2Fv2%2Ftags&post=8219"}],"curies":[{"name":"wp","href":"https:\/\/api.w.org\/{rel}","templated":true}]}}